{"id":13571,"date":"2019-10-18T17:13:15","date_gmt":"2019-10-18T20:13:15","guid":{"rendered":"http:\/\/www.fumssar.com.br\/?p=13571"},"modified":"2024-10-07T16:34:56","modified_gmt":"2024-10-07T19:34:56","slug":"prefeito-vicini-e-presidente-da-fumssar-receberam-homenagem-da-cruz-vermelha","status":"publish","type":"post","link":"https:\/\/www.fumssar.com.br\/?p=13571","title":{"rendered":"Prefeito Vicini  e Presidente da FUMSSAR receberam homenagem da Cruz Vermelha"},"content":{"rendered":"\n<p>&nbsp;&nbsp;&nbsp;&nbsp;&nbsp;&nbsp;&nbsp;&nbsp;&nbsp;&nbsp;&nbsp;&nbsp;&nbsp;&nbsp;&nbsp; O Prefeito Alcides Vicini e o\nPresidente da FUMSSAR, D\u00e9lcio Stefan foram homenageados pela Cruz Vermelha\nBrasileira filial de Santa Rosa. O presidente da institui\u00e7\u00e3o R\u00e9gis Bonmann e a\nVice Carmem Lazzaretti fizeram a entrega de uma placa homenageando&nbsp; prefeito Alcides Vicini pelo apoio que o\nmandat\u00e1rio tem dado para a Cruz Vermelha, que muito contribui para o\ncrescimento da institui\u00e7\u00e3o. O presidente da FUMSSAR recebeu tamb\u00e9m uma placa em\nreconhecimento tamb\u00e9m de esfor\u00e7os que valorizam o trabalho realizado pelo\nvoluntariado. <\/p>\n\n\n\n<p>&nbsp;&nbsp;&nbsp;&nbsp;&nbsp;&nbsp;&nbsp;&nbsp;&nbsp;&nbsp;&nbsp; O Presidente\nda Cruz Vermelha R\u00e9gis Bonmann relatou que a entidade mant\u00e9m um grupo de\nvolunt\u00e1rios capacitados para a\u00e7\u00f5es diversas com profissionais dedicados para\natuarem se necess\u00e1rio em situa\u00e7\u00f5es de emerg\u00eancia, mas &nbsp;que tamb\u00e9m est\u00e3o sempre prestando outras\natividades. R\u00e9gis disse que a homenagem&nbsp;\nvem reconhecer o apoio do munic\u00edpio de Santa Rosa atrav\u00e9s do Prefeito\nVicini que n\u00e3o mede esfor\u00e7os quando que solicitado algum apoio para a entidade,\nbem como o Presidente da FUMSSAR, D\u00e9lcio Stefan que tamb\u00e9m apoia a Cruz\nVermelha. Recentemente o munic\u00edpio de Santa Rosa fez a doa\u00e7\u00e3o de uma ambul\u00e2ncia\nque era utilizada pelo SAMU e foi substitu\u00edda. O ve\u00edculo foi restaurado e hoje\nsegundo R\u00e9gis tem prestado servi\u00e7os para diversos eventos no munic\u00edpio e\nregi\u00e3o.<\/p>\n\n\n\n<p>&nbsp;&nbsp;&nbsp;&nbsp;&nbsp;&nbsp;&nbsp;&nbsp;&nbsp;&nbsp;&nbsp; O Prefeito Alcides\nVicini destacou o espirito solid\u00e1rio dos moradores que envolve a comunidade\nquando necess\u00e1rio, ressaltando a comunh\u00e3o sem descri\u00e7\u00e3o unindo-se em busca de\nmelhorias e benef\u00edcios para a comunidade. O ato foi realizado ap\u00f3s o lan\u00e7amento\ndo novo hor\u00e1rio de funcionamento da Farm\u00e1cia Municipal com a participa\u00e7\u00e3o de\nautoridades,civis e militares e lideran\u00e7as da comunidade.<\/p>\n","protected":false},"excerpt":{"rendered":"<p>&nbsp;&nbsp;&nbsp;&nbsp;&nbsp;&nbsp;&nbsp;&nbsp;&nbsp;&nbsp;&nbsp;&nbsp;&nbsp;&nbsp;&nbsp; O Prefeito Alcides Vicini e o Presidente da FUMSSAR, D\u00e9lcio Stefan foram homenageados pela&#8230;<\/p>\n","protected":false},"author":11,"featured_media":13572,"comment_status":"open","ping_status":"open","sticky":false,"template":"","format":"standard","meta":{"footnotes":""},"categories":[2],"tags":[],"_links":{"self":[{"href":"https:\/\/www.fumssar.com.br\/index.php?rest_route=\/wp\/v2\/posts\/13571"}],"collection":[{"href":"https:\/\/www.fumssar.com.br\/index.php?rest_route=\/wp\/v2\/posts"}],"about":[{"href":"https:\/\/www.fumssar.com.br\/index.php?rest_route=\/wp\/v2\/types\/post"}],"author":[{"embeddable":true,"href":"https:\/\/www.fumssar.com.br\/index.php?rest_route=\/wp\/v2\/users\/11"}],"replies":[{"embeddable":true,"href":"https:\/\/www.fumssar.com.br\/index.php?rest_route=%2Fwp%2Fv2%2Fcomments&post=13571"}],"version-history":[{"count":1,"href":"https:\/\/www.fumssar.com.br\/index.php?rest_route=\/wp\/v2\/posts\/13571\/revisions"}],"predecessor-version":[{"id":13573,"href":"https:\/\/www.fumssar.com.br\/index.php?rest_route=\/wp\/v2\/posts\/13571\/revisions\/13573"}],"wp:featuredmedia":[{"embeddable":true,"href":"https:\/\/www.fumssar.com.br\/index.php?rest_route=\/wp\/v2\/media\/13572"}],"wp:attachment":[{"href":"https:\/\/www.fumssar.com.br\/index.php?rest_route=%2Fwp%2Fv2%2Fmedia&parent=13571"}],"wp:term":[{"taxonomy":"category","embeddable":true,"href":"https:\/\/www.fumssar.com.br\/index.php?rest_route=%2Fwp%2Fv2%2Fcategories&post=13571"},{"taxonomy":"post_tag","embeddable":true,"href":"https:\/\/www.fumssar.com.br\/index.php?rest_route=%2Fwp%2Fv2%2Ftags&post=13571"}],"curies":[{"name":"wp","href":"https:\/\/api.w.org\/{rel}","templated":true}]}}