{"id":13557,"date":"2019-10-17T17:26:45","date_gmt":"2019-10-17T20:26:45","guid":{"rendered":"http:\/\/www.fumssar.com.br\/?p=13557"},"modified":"2024-10-07T16:34:56","modified_gmt":"2024-10-07T19:34:56","slug":"farmacia-municipal-esta-com-atendimento-ao-publico-ampliado","status":"publish","type":"post","link":"https:\/\/www.fumssar.com.br\/?p=13557","title":{"rendered":"Farm\u00e1cia Municipal est\u00e1 com atendimento ao p\u00fablico ampliado"},"content":{"rendered":"\n<p>Uma nova a\u00e7\u00e3o do Governo Municipal atrav\u00e9s da FUMSSAR est\u00e1\npermitindo a amplia\u00e7\u00e3o do atendimento ao p\u00fablico usu\u00e1rio da Farm\u00e1cia Municipal\nem Santa Rosa.<\/p>\n\n\n\n<p>&nbsp;&nbsp;&nbsp;&nbsp;&nbsp;&nbsp;&nbsp;&nbsp;&nbsp;&nbsp;&nbsp; O setor vem\npassando por um processo de planejamento envolvendo v\u00e1rias a\u00e7\u00f5es que permitem\nmais qualidade e melhorias nos servi\u00e7os ofertados. Em 120 dias de implementa\u00e7\u00e3o\ndo projeto os resultados obtidos s\u00e3o satisfat\u00f3rios e animadores, com v\u00e1rias\netapas cumpridas. O diretor da Gest\u00e3o de Planejamento da FUMSSAR, Ademir Rosa\ndestacou que as a\u00e7\u00f5es de melhorias na organiza\u00e7\u00e3o do setor permitiram mais\nacessibilidade e movimenta\u00e7\u00e3o dos servidores, refletindo na redu\u00e7\u00e3o do tempo de\nespera em 48 %, dando mais fluxo no atendimento. Dentre as a\u00e7\u00f5es implantadas\nest\u00e3o mudan\u00e7as no sistema de entrega, melhor organiza\u00e7\u00e3o do estoque aproximando\nmais os produtos dos entregadores, melhorias no sistema de inform\u00e1tica treinamentos\ne outras. O diretor frisou ainda que a &nbsp;m\u00e9dia\ndi\u00e1ria \u00e9 de 290 atendimentos&nbsp; chegando a\ncerca de 6.100 mensal.<\/p>\n\n\n\n<p>&nbsp;&nbsp;&nbsp;&nbsp;&nbsp;&nbsp;&nbsp;&nbsp;&nbsp;&nbsp;&nbsp; Durante o\nato de lan\u00e7amento o presidente da FUMSSAR, D\u00e9lcio Stefan destacou que a gest\u00e3o\nprocura sempre um atendimento mais qualificado e eficaz em todos os setores e o\nnovo atendimento da Farm\u00e1cia vem sido estudado e planejado com a\ncontribui\u00e7\u00e3o&nbsp; de todos os atores\nenvolvido no processo de distribui\u00e7\u00e3o de medicamentos e produtos \u00e0 popula\u00e7\u00e3o. O\npresidente tamb\u00e9m ressaltou que atualmente a popula\u00e7\u00e3o usu\u00e1ria est\u00e1 sendo bem\natendida pois o munic\u00edpio atualmente distribui cerca de 94% da lista b\u00e1sica de\nmedicamentos, e que o governo do estado est\u00e1 mantendo seus repasses atualizados\nisto permite mais oferta dos servi\u00e7os.<\/p>\n\n\n\n<p>&nbsp;&nbsp;&nbsp;&nbsp;&nbsp;&nbsp;&nbsp;&nbsp;&nbsp;&nbsp;&nbsp; Para o\nprefeito Alcides Vicini&nbsp; ser governante\nnum momento de crise como o que vivemos exige muita cautela na aplica\u00e7\u00e3o\ncorreta dos recursos e na \u00e1rea da sa\u00fade seu governo tem repassado cerca de\n22%&nbsp; or\u00e7amento 7% a mais do que a lei\nestabelece. Vicini frisou que esta a\u00e7\u00e3o de amplia\u00e7\u00e3o do hor\u00e1rio da Farm\u00e1cia foi\nrealizada gra\u00e7as a soma de esfor\u00e7os de todos, pois n\u00e3o demandou mais &nbsp;investimentos bastando criatividade e ajustes\nna equipe de servidores. \n\n&nbsp;&nbsp;&nbsp;&nbsp;&nbsp;&nbsp;&nbsp;&nbsp;&nbsp;&nbsp;&nbsp; A\nfarm\u00e1cia Municipal est\u00e1 localizada na Rua Boa Vista ao lado do centro\nadministrativo da FUMSSAR e passa a atender das 7h da manh\u00e3 at\u00e9 \u00e0s 17 horas sem\nfechar ao meio dia. O quadro de funcion\u00e1rios que prestam os atendimentos \u00e9 de\n12 servidores.\n\n\n\n<\/p>\n","protected":false},"excerpt":{"rendered":"<p>Uma nova a\u00e7\u00e3o do Governo Municipal atrav\u00e9s da FUMSSAR est\u00e1 permitindo a amplia\u00e7\u00e3o do atendimento&#8230;<\/p>\n","protected":false},"author":11,"featured_media":13558,"comment_status":"open","ping_status":"open","sticky":false,"template":"","format":"standard","meta":{"footnotes":""},"categories":[2],"tags":[],"_links":{"self":[{"href":"https:\/\/www.fumssar.com.br\/index.php?rest_route=\/wp\/v2\/posts\/13557"}],"collection":[{"href":"https:\/\/www.fumssar.com.br\/index.php?rest_route=\/wp\/v2\/posts"}],"about":[{"href":"https:\/\/www.fumssar.com.br\/index.php?rest_route=\/wp\/v2\/types\/post"}],"author":[{"embeddable":true,"href":"https:\/\/www.fumssar.com.br\/index.php?rest_route=\/wp\/v2\/users\/11"}],"replies":[{"embeddable":true,"href":"https:\/\/www.fumssar.com.br\/index.php?rest_route=%2Fwp%2Fv2%2Fcomments&post=13557"}],"version-history":[{"count":1,"href":"https:\/\/www.fumssar.com.br\/index.php?rest_route=\/wp\/v2\/posts\/13557\/revisions"}],"predecessor-version":[{"id":13559,"href":"https:\/\/www.fumssar.com.br\/index.php?rest_route=\/wp\/v2\/posts\/13557\/revisions\/13559"}],"wp:featuredmedia":[{"embeddable":true,"href":"https:\/\/www.fumssar.com.br\/index.php?rest_route=\/wp\/v2\/media\/13558"}],"wp:attachment":[{"href":"https:\/\/www.fumssar.com.br\/index.php?rest_route=%2Fwp%2Fv2%2Fmedia&parent=13557"}],"wp:term":[{"taxonomy":"category","embeddable":true,"href":"https:\/\/www.fumssar.com.br\/index.php?rest_route=%2Fwp%2Fv2%2Fcategories&post=13557"},{"taxonomy":"post_tag","embeddable":true,"href":"https:\/\/www.fumssar.com.br\/index.php?rest_route=%2Fwp%2Fv2%2Ftags&post=13557"}],"curies":[{"name":"wp","href":"https:\/\/api.w.org\/{rel}","templated":true}]}}