{"id":13536,"date":"2019-10-16T08:50:10","date_gmt":"2019-10-16T11:50:10","guid":{"rendered":"http:\/\/www.fumssar.com.br\/?p=13536"},"modified":"2024-10-07T16:34:56","modified_gmt":"2024-10-07T19:34:56","slug":"dia-d-campanha-de-vacinacao-contra-o-sarampo-sera-neste-sabado-19-de-outubro-para-criancas-maiores-de-6-meses-a-menores-de-5-anos-nao-vacinadas","status":"publish","type":"post","link":"https:\/\/www.fumssar.com.br\/?p=13536","title":{"rendered":"DIA D CAMPANHA DE VACINA\u00c7\u00c3O CONTRA O SARAMPO  SER\u00c1 NESTE S\u00c1BADO: 19 de outubro Para crian\u00e7as maiores de 6 meses a menores de 5 anos n\u00e3o vacinadas"},"content":{"rendered":"\n<p>A\nFUMSSAR comunica que neste s\u00e1bado, 19 de outubro, todos os postos de sa\u00fade\nestar\u00e3o mobilizados para vacinar contra o Sarampo as crian\u00e7as de 6 meses a 4\nanos 11 meses e 29 dias.<\/p>\n\n\n\n<p>&nbsp;&nbsp;&nbsp;&nbsp;&nbsp;&nbsp;&nbsp;&nbsp;&nbsp;&nbsp;&nbsp; Confira os hor\u00e1rios de funcionamento\ndos postos de sa\u00fade neste s\u00e1bado, exclusivamente para&nbsp; vacina\u00e7\u00e3o:<\/p>\n\n\n\n<ul><li>Postos da \u00c1rea urbana: 8h \u00e0s 17h, sem fechar ao\nmeio-dia.<\/li><li>Guia Lopes: 8h \u00e0s 14h<\/li><li>Bela Uni\u00e3o e Sete de Setembro: 8h \u00e0s 12h<\/li><\/ul>\n\n\n\n<p>&nbsp;&nbsp;&nbsp;&nbsp;&nbsp;&nbsp;&nbsp;&nbsp;&nbsp;&nbsp;&nbsp; \u00c9 importante que os pais ou\nrespons\u00e1veis verifiquem a carteira de vacina\u00e7\u00e3o de seus filhos e, caso alguma\nvacina esteja em atraso, levem o seu filho at\u00e9 a unidade de sa\u00fade de seu\nbairro.<\/p>\n\n\n\n<p>&nbsp;&nbsp;&nbsp;&nbsp;&nbsp;&nbsp;&nbsp;&nbsp;&nbsp;&nbsp;&nbsp; Aten\u00e7\u00e3o para as crian\u00e7as de 6 meses\na 11 meses, pois houve recentemente a introdu\u00e7\u00e3o de uma dose extra de tr\u00edplice\nviral para esta idade. Verifique se seu(sua) filho(a) j\u00e1 recebeu esta dose!<\/p>\n\n\n\n<p>&nbsp;&nbsp;&nbsp;&nbsp;&nbsp;&nbsp;&nbsp;&nbsp;&nbsp;&nbsp;&nbsp; A vacina aplicada durante a campanha\n\u00e9 a tr\u00edplice viral, que al\u00e9m de proteger contra o sarampo, protege tamb\u00e9m\ncontra a rub\u00e9ola e a caxumba. Esta campanha \u00e9 direcionada a crian\u00e7as n\u00e3o\nvacinadas. Portanto, se seu filho est\u00e1 com as vacinas em dia, n\u00e3o \u00e9 necess\u00e1rio\nreceber nenhuma vacina adicional.<\/p>\n\n\n\n<p>Esquema\nde vacina\u00e7\u00e3o contra o sarampo para crian\u00e7as menores de 5 anos:<\/p>\n\n\n\n<ul><li>6 meses a 11 meses: dose D de Tr\u00edplice Viral<\/li><li>Maiores de 12 meses a menores de 5 anos: 2 doses\nde Tr\u00edplice Viral (ou Tetra) com intervalo de 30 dias<\/li><\/ul>\n\n\n\n<p>A\ncampanha segue at\u00e9 o dia 25 de outubro.&nbsp; <\/p>\n","protected":false},"excerpt":{"rendered":"<p>A FUMSSAR comunica que neste s\u00e1bado, 19 de outubro, todos os postos de sa\u00fade estar\u00e3o&#8230;<\/p>\n","protected":false},"author":11,"featured_media":13344,"comment_status":"open","ping_status":"open","sticky":false,"template":"","format":"standard","meta":{"footnotes":""},"categories":[2],"tags":[],"_links":{"self":[{"href":"https:\/\/www.fumssar.com.br\/index.php?rest_route=\/wp\/v2\/posts\/13536"}],"collection":[{"href":"https:\/\/www.fumssar.com.br\/index.php?rest_route=\/wp\/v2\/posts"}],"about":[{"href":"https:\/\/www.fumssar.com.br\/index.php?rest_route=\/wp\/v2\/types\/post"}],"author":[{"embeddable":true,"href":"https:\/\/www.fumssar.com.br\/index.php?rest_route=\/wp\/v2\/users\/11"}],"replies":[{"embeddable":true,"href":"https:\/\/www.fumssar.com.br\/index.php?rest_route=%2Fwp%2Fv2%2Fcomments&post=13536"}],"version-history":[{"count":1,"href":"https:\/\/www.fumssar.com.br\/index.php?rest_route=\/wp\/v2\/posts\/13536\/revisions"}],"predecessor-version":[{"id":13537,"href":"https:\/\/www.fumssar.com.br\/index.php?rest_route=\/wp\/v2\/posts\/13536\/revisions\/13537"}],"wp:featuredmedia":[{"embeddable":true,"href":"https:\/\/www.fumssar.com.br\/index.php?rest_route=\/wp\/v2\/media\/13344"}],"wp:attachment":[{"href":"https:\/\/www.fumssar.com.br\/index.php?rest_route=%2Fwp%2Fv2%2Fmedia&parent=13536"}],"wp:term":[{"taxonomy":"category","embeddable":true,"href":"https:\/\/www.fumssar.com.br\/index.php?rest_route=%2Fwp%2Fv2%2Fcategories&post=13536"},{"taxonomy":"post_tag","embeddable":true,"href":"https:\/\/www.fumssar.com.br\/index.php?rest_route=%2Fwp%2Fv2%2Ftags&post=13536"}],"curies":[{"name":"wp","href":"https:\/\/api.w.org\/{rel}","templated":true}]}}