{"id":13532,"date":"2019-10-15T10:19:31","date_gmt":"2019-10-15T13:19:31","guid":{"rendered":"http:\/\/www.fumssar.com.br\/?p=13532"},"modified":"2024-10-07T16:34:56","modified_gmt":"2024-10-07T19:34:56","slug":"farmacia-municipal-tera-horario-de-atendimento-ampliado","status":"publish","type":"post","link":"https:\/\/www.fumssar.com.br\/?p=13532","title":{"rendered":"Farm\u00e1cia Municipal  ter\u00e1   hor\u00e1rio de atendimento ampliado"},"content":{"rendered":"\n<p>&nbsp;O\nGoverno Municipal visando facilitar o acesso dos usu\u00e1rios, principalmente para\no trabalhador, que poder\u00e1 usar seu intervalo para retirar seu medicamento a\npartir do dia 16 deste m\u00eas de outubro, a FUMSSAR ter\u00e1 o hor\u00e1rio de atendimento da\nFarm\u00e1cia Municipal ampliado e passar\u00e1 a atender das 07h30 min as 17:00 horas,\nsem fechar ao meio dia. <\/p>\n\n\n\n<p>O Diretor de Gest\u00e3o Estrat\u00e9gica e\nParticipativa, Ademir Rosa, esta amplia\u00e7\u00e3o somente est\u00e1 sendo poss\u00edvel devido\nao \u00f3timo trabalho desenvolvido pelos servidores que trabalham na farm\u00e1cia, a\nestrutura\u00e7\u00e3o da equipe com a chegada da Farmac\u00eautica Renata na equipe e pelas\nmelhorias feitas no decorrer dos \u00faltimos meses. A a\u00e7\u00e3o estava prevista no\nplanejamento desenvolvido juntamente com o ent\u00e3o Presidente Anderson Mantei\npara este ano processo &nbsp;que deu\ncontinuidade na atual gest\u00e3o por D\u00e9lcio Stefan. \u201cForam muitas a\u00e7\u00f5es que\nimplementamos e a maioria foram ideias que partiram do time de atendentes. \u00c9\ngratificante quando a equipe tem este esp\u00edrito de participa\u00e7\u00e3o\u201d Destacou Ademir\nfrisando &nbsp;ainda que ainda h\u00e1 muito a\nfazer e que as melhorias n\u00e3o param de acontecer. \u201cTodas as a\u00e7\u00f5es de melhorias\nque trabalhamos visa um atendimento qualificado, com rapidez e seguran\u00e7a na\ndispensa\u00e7\u00e3o dos medicamentos. Vale ressaltar que tamb\u00e9m recebemos v\u00e1rias\nsugest\u00f5es dos usu\u00e1rios, as quais nos ajudaram a evoluir nos processos\u201d.<\/p>\n\n\n\n<p>D\u00e9lcio Stefan enfatizou que a gest\u00e3o est\u00e1\nsempre buscando melhorias em todos os setores primando sempre pela qualidade\nnos servi\u00e7os melhorando a qualidade de vida da popula\u00e7\u00e3o.<\/p>\n\n\n\n<p>O prefeito Alcides Vicini que a amplia\u00e7\u00e3o do\nhor\u00e1rio faz parte de um processo de servir ainda mais a popula\u00e7\u00e3o com servi\u00e7os\nqualificados que buscam humanizar o bem estar do cidad\u00e3o. Na quarta-feira,16\nhaver\u00e1 um ato de lan\u00e7amento oficial do novo servi\u00e7o e toda a popula\u00e7\u00e3o est\u00e1\nconvidada a participar \u00e0s 11h15 da manh\u00e3.<\/p>\n","protected":false},"excerpt":{"rendered":"<p>&nbsp;O Governo Municipal visando facilitar o acesso dos usu\u00e1rios, principalmente para o trabalhador, que poder\u00e1&#8230;<\/p>\n","protected":false},"author":11,"featured_media":13533,"comment_status":"open","ping_status":"open","sticky":false,"template":"","format":"standard","meta":{"footnotes":""},"categories":[2],"tags":[],"_links":{"self":[{"href":"https:\/\/www.fumssar.com.br\/index.php?rest_route=\/wp\/v2\/posts\/13532"}],"collection":[{"href":"https:\/\/www.fumssar.com.br\/index.php?rest_route=\/wp\/v2\/posts"}],"about":[{"href":"https:\/\/www.fumssar.com.br\/index.php?rest_route=\/wp\/v2\/types\/post"}],"author":[{"embeddable":true,"href":"https:\/\/www.fumssar.com.br\/index.php?rest_route=\/wp\/v2\/users\/11"}],"replies":[{"embeddable":true,"href":"https:\/\/www.fumssar.com.br\/index.php?rest_route=%2Fwp%2Fv2%2Fcomments&post=13532"}],"version-history":[{"count":1,"href":"https:\/\/www.fumssar.com.br\/index.php?rest_route=\/wp\/v2\/posts\/13532\/revisions"}],"predecessor-version":[{"id":13534,"href":"https:\/\/www.fumssar.com.br\/index.php?rest_route=\/wp\/v2\/posts\/13532\/revisions\/13534"}],"wp:featuredmedia":[{"embeddable":true,"href":"https:\/\/www.fumssar.com.br\/index.php?rest_route=\/wp\/v2\/media\/13533"}],"wp:attachment":[{"href":"https:\/\/www.fumssar.com.br\/index.php?rest_route=%2Fwp%2Fv2%2Fmedia&parent=13532"}],"wp:term":[{"taxonomy":"category","embeddable":true,"href":"https:\/\/www.fumssar.com.br\/index.php?rest_route=%2Fwp%2Fv2%2Fcategories&post=13532"},{"taxonomy":"post_tag","embeddable":true,"href":"https:\/\/www.fumssar.com.br\/index.php?rest_route=%2Fwp%2Fv2%2Ftags&post=13532"}],"curies":[{"name":"wp","href":"https:\/\/api.w.org\/{rel}","templated":true}]}}