{"id":13528,"date":"2019-10-15T10:13:57","date_gmt":"2019-10-15T13:13:57","guid":{"rendered":"http:\/\/www.fumssar.com.br\/?p=13528"},"modified":"2024-10-07T16:34:56","modified_gmt":"2024-10-07T19:34:56","slug":"presidente-da-fumssar-e-diretora-do-hospital-vida-saude-estiveram-reunidos-com-novo-coordenador-regional-de-saude","status":"publish","type":"post","link":"https:\/\/www.fumssar.com.br\/?p=13528","title":{"rendered":"Presidente da FUMSSAR e diretora do Hospital Vida &amp; Sa\u00fade estiveram reunidos com novo Coordenador Regional de Sa\u00fade"},"content":{"rendered":"\n<p>&nbsp;&nbsp;&nbsp;&nbsp;&nbsp;&nbsp;&nbsp;&nbsp;&nbsp;&nbsp;&nbsp; &nbsp;Na tarde de quinta-feira, 10, o presidente da\nFUMSSAR D\u00e9lcio Stefan e a Diretora do Hospital Vida&amp; Sa\u00fade Vanderli Barros\nestiveram reunidos com o novo Coordenador da 14\u00aa Coordenadoria Regional de\nSa\u00fade de Santa Rosa, Anselmo Loureiro dos Santos. Anselmo \u00e9 servidor de\ncarreira do estado, &nbsp;disse que recebe\neste novo desafio em sua carreira, e quer contar com parcerias que viabilizem\nsempre ofertar mais servi\u00e7os de qualidade na \u00e1rea da sa\u00fade da popula\u00e7\u00e3o.<\/p>\n\n\n\n<p>&nbsp;&nbsp;&nbsp;&nbsp;&nbsp;&nbsp;&nbsp;&nbsp;&nbsp;&nbsp;&nbsp; O Presidente\nda FUMSSAR ressaltou que sempre deve haver uma sintonia entre os entes\nenvolvidos buscando sempre qualificar ainda mais os servi\u00e7os para os usu\u00e1rios\ndo SUS. Para a Diretora do HVS Vanderli Barros a institui\u00e7\u00e3o que ela representa\nest\u00e1 sempre disposta a contribuir para o crescimento e primando pela qualidade\ndos servi\u00e7os ofertados.<\/p>\n\n\n\n<p>&nbsp;&nbsp;&nbsp;&nbsp;&nbsp;&nbsp;&nbsp;&nbsp;&nbsp;&nbsp;&nbsp; Na reuni\u00e3o\nos participantes avaliaram alguns pontos referentes a sa\u00fade, pontuando sempre a\naplica\u00e7\u00e3o correta de recursos que venham beneficiar a popula\u00e7\u00e3o. <\/p>\n","protected":false},"excerpt":{"rendered":"<p>&nbsp;&nbsp;&nbsp;&nbsp;&nbsp;&nbsp;&nbsp;&nbsp;&nbsp;&nbsp;&nbsp; &nbsp;Na tarde de quinta-feira, 10, o presidente da FUMSSAR D\u00e9lcio Stefan e a Diretora&#8230;<\/p>\n","protected":false},"author":11,"featured_media":13529,"comment_status":"open","ping_status":"open","sticky":false,"template":"","format":"standard","meta":{"footnotes":""},"categories":[2],"tags":[],"_links":{"self":[{"href":"https:\/\/www.fumssar.com.br\/index.php?rest_route=\/wp\/v2\/posts\/13528"}],"collection":[{"href":"https:\/\/www.fumssar.com.br\/index.php?rest_route=\/wp\/v2\/posts"}],"about":[{"href":"https:\/\/www.fumssar.com.br\/index.php?rest_route=\/wp\/v2\/types\/post"}],"author":[{"embeddable":true,"href":"https:\/\/www.fumssar.com.br\/index.php?rest_route=\/wp\/v2\/users\/11"}],"replies":[{"embeddable":true,"href":"https:\/\/www.fumssar.com.br\/index.php?rest_route=%2Fwp%2Fv2%2Fcomments&post=13528"}],"version-history":[{"count":1,"href":"https:\/\/www.fumssar.com.br\/index.php?rest_route=\/wp\/v2\/posts\/13528\/revisions"}],"predecessor-version":[{"id":13530,"href":"https:\/\/www.fumssar.com.br\/index.php?rest_route=\/wp\/v2\/posts\/13528\/revisions\/13530"}],"wp:featuredmedia":[{"embeddable":true,"href":"https:\/\/www.fumssar.com.br\/index.php?rest_route=\/wp\/v2\/media\/13529"}],"wp:attachment":[{"href":"https:\/\/www.fumssar.com.br\/index.php?rest_route=%2Fwp%2Fv2%2Fmedia&parent=13528"}],"wp:term":[{"taxonomy":"category","embeddable":true,"href":"https:\/\/www.fumssar.com.br\/index.php?rest_route=%2Fwp%2Fv2%2Fcategories&post=13528"},{"taxonomy":"post_tag","embeddable":true,"href":"https:\/\/www.fumssar.com.br\/index.php?rest_route=%2Fwp%2Fv2%2Ftags&post=13528"}],"curies":[{"name":"wp","href":"https:\/\/api.w.org\/{rel}","templated":true}]}}