{"id":13506,"date":"2019-09-30T09:50:15","date_gmt":"2019-09-30T12:50:15","guid":{"rendered":"http:\/\/www.fumssar.com.br\/?p=13506"},"modified":"2019-10-09T09:54:57","modified_gmt":"2019-10-09T12:54:57","slug":"dispensa-de-licitacao-no32-2019","status":"publish","type":"post","link":"https:\/\/www.fumssar.com.br\/?p=13506","title":{"rendered":"Dispensa de Licita\u00e7\u00e3o n\u00ba32\/2019"},"content":{"rendered":"\n\n\n<p>\n<strong>EDITAL\nN\u00ba 32\/2019<\/strong><\/p>\n\n\n\n<p>\n<strong>DISPENSA\nDE LICITA\u00c7\u00c3O<\/strong><\/p>\n\n\n\n<p>\n<strong>CONTRATANTE:\n<\/strong>Funda\u00e7\u00e3o Municipal de Sa\u00fade\nde Santa Rosa \u2013 FUMSSAR<\/p>\n\n\n\n<p>\n<strong>CONTRATADO:\n<\/strong>Funda\u00e7\u00e3o\nEducacional Machado de Assis<\/p>\n\n\n\n<p>\n<strong>CNPJ:<\/strong>\n95.817.615\/0001-11<\/p>\n\n\n\n<p>\n<strong>VALOR:\n<\/strong>R$ 5.957,28 (cinco mil\nnovecentos e cinquenta e sete reais e vinte e oito centavos)<\/p>\n\n\n\n<p>\n<strong>PROCESSO\nADMINISTRATIVO N.\u00ba<\/strong>: 1833\/2019\nde 20\/08\/2019<\/p>\n\n\n\n<p>\n<strong>OBJETO<\/strong>:\nRealiza\u00e7\u00e3o de Concurso P\u00fablico para o cargo de M\u00e9dico Cl\u00ednico\nGeral III.<\/p>\n\n\n\n<p>\n<strong>FUNDAMENTO\nLEGAL: <\/strong>Com base no art. 24,\ninc.II, da Lei Federal n.\u00ba 8.666\/93 e suas altera\u00e7\u00f5es posteriores.<\/p>\n\n\n\n<p>\nSanta\nRosa, 26 de setembro de 2019.<\/p>\n\n\n\n<table class=\"wp-block-table\"><tbody><tr><td> Rog\u00e9rio Silva dos Santos Diretor Administrativo da FUMSSAR <\/td><td>\n\t\t\t\t<br>\n\n\t\t\t\t\n\t\t\t<\/td><\/tr><\/tbody><\/table>\n","protected":false},"excerpt":{"rendered":"<p>EDITAL N\u00ba 32\/2019 DISPENSA DE LICITA\u00c7\u00c3O CONTRATANTE: Funda\u00e7\u00e3o Municipal de Sa\u00fade de Santa Rosa \u2013&#8230;<\/p>\n","protected":false},"author":7,"featured_media":0,"comment_status":"open","ping_status":"open","sticky":false,"template":"","format":"standard","meta":{"footnotes":""},"categories":[116],"tags":[],"_links":{"self":[{"href":"https:\/\/www.fumssar.com.br\/index.php?rest_route=\/wp\/v2\/posts\/13506"}],"collection":[{"href":"https:\/\/www.fumssar.com.br\/index.php?rest_route=\/wp\/v2\/posts"}],"about":[{"href":"https:\/\/www.fumssar.com.br\/index.php?rest_route=\/wp\/v2\/types\/post"}],"author":[{"embeddable":true,"href":"https:\/\/www.fumssar.com.br\/index.php?rest_route=\/wp\/v2\/users\/7"}],"replies":[{"embeddable":true,"href":"https:\/\/www.fumssar.com.br\/index.php?rest_route=%2Fwp%2Fv2%2Fcomments&post=13506"}],"version-history":[{"count":1,"href":"https:\/\/www.fumssar.com.br\/index.php?rest_route=\/wp\/v2\/posts\/13506\/revisions"}],"predecessor-version":[{"id":13507,"href":"https:\/\/www.fumssar.com.br\/index.php?rest_route=\/wp\/v2\/posts\/13506\/revisions\/13507"}],"wp:attachment":[{"href":"https:\/\/www.fumssar.com.br\/index.php?rest_route=%2Fwp%2Fv2%2Fmedia&parent=13506"}],"wp:term":[{"taxonomy":"category","embeddable":true,"href":"https:\/\/www.fumssar.com.br\/index.php?rest_route=%2Fwp%2Fv2%2Fcategories&post=13506"},{"taxonomy":"post_tag","embeddable":true,"href":"https:\/\/www.fumssar.com.br\/index.php?rest_route=%2Fwp%2Fv2%2Ftags&post=13506"}],"curies":[{"name":"wp","href":"https:\/\/api.w.org\/{rel}","templated":true}]}}