{"id":13495,"date":"2019-10-09T09:45:21","date_gmt":"2019-10-09T12:45:21","guid":{"rendered":"http:\/\/www.fumssar.com.br\/?p=13495"},"modified":"2024-10-07T16:34:56","modified_gmt":"2024-10-07T19:34:56","slug":"presidente-da-fumssar-cumpre-agenda-em-porto-alegre-acompanhado-de-residentes","status":"publish","type":"post","link":"https:\/\/www.fumssar.com.br\/?p=13495","title":{"rendered":"Presidente da FUMSSAR cumpre agenda em Porto Alegre acompanhado de Residentes"},"content":{"rendered":"\n<p>O presidente da FUMSSAR cumpriu agenda de reuni\u00f5es mensais\nque s\u00e3o realizadas na \u00e1rea da sa\u00fade envolvendo todos os munic\u00edpios do estado e\nde \u00f3rg\u00e3os estaduais. Os encontros s\u00e3o da Comiss\u00e3o\nIntergestores Bipartite \u2013 CIB que&nbsp;\u00e9 uma inst\u00e2ncia colegiada de decis\u00e3o do Sistema \u00danico de Sa\u00fade &#8211; SUS estadual, integrada paritariamente\npela Secretaria Estadual de Sa\u00fade e por representantes dos Secret\u00e1rios\nMunicipais de Sa\u00fade do Estado, tamb\u00e9m \u00e9 realizada a reuni\u00e3o da Secretaria\nT\u00e9cnica-SETEC, que conforme legisla\u00e7\u00e3o pactua as a\u00e7\u00f5es e servi\u00e7os&nbsp; integrados em redes de aten\u00e7\u00e3o \u00e0 sa\u00fade. A\nFUMSSAR participa tamb\u00e9m das reuni\u00f5es mensais do Conselho Estadual de\nSecret\u00e1rios de Sa\u00fade-COSEMS\/RS.<\/p>\n\n\n\n<p>&nbsp;&nbsp;&nbsp;&nbsp;&nbsp;&nbsp;&nbsp;&nbsp;&nbsp;&nbsp;&nbsp; Esta\nsemana acompanharam o presidente da FUMSSAR os profissionais residentes da\nResid\u00eancia Multiprofissional, a Enfermeira Aline Kowalski e o Profissional de\nEduca\u00e7\u00e3o F\u00edsica Renan Bueno Basso nos encontros na Capital. D\u00e9lcio destacou que\na participa\u00e7\u00e3o dos profissionais vem contribuir muito para a forma\u00e7\u00e3o deles na especializa\u00e7\u00e3o\ncomo profissionais Especialistas em Sa\u00fade da Fam\u00edlia, para que possam\nacompanhar como funciona o SUS em inst\u00e2ncias superiores bem como \u00e0 n\u00edvel de\nestado.<\/p>\n\n\n\n<p>&nbsp;&nbsp;&nbsp;&nbsp;&nbsp;&nbsp;&nbsp;&nbsp;&nbsp;&nbsp;&nbsp; Na\nagenda tamb\u00e9m ocorreu um encontro com a Secret\u00e1ria Estadual de Sa\u00fade,\nArita Bergmann e com diretores\nde outras \u00e1reas do \u00f3rg\u00e3o estadual.<\/p>\n","protected":false},"excerpt":{"rendered":"<p>O presidente da FUMSSAR cumpriu agenda de reuni\u00f5es mensais que s\u00e3o realizadas na \u00e1rea da&#8230;<\/p>\n","protected":false},"author":11,"featured_media":13497,"comment_status":"open","ping_status":"open","sticky":false,"template":"","format":"standard","meta":{"footnotes":""},"categories":[2],"tags":[],"_links":{"self":[{"href":"https:\/\/www.fumssar.com.br\/index.php?rest_route=\/wp\/v2\/posts\/13495"}],"collection":[{"href":"https:\/\/www.fumssar.com.br\/index.php?rest_route=\/wp\/v2\/posts"}],"about":[{"href":"https:\/\/www.fumssar.com.br\/index.php?rest_route=\/wp\/v2\/types\/post"}],"author":[{"embeddable":true,"href":"https:\/\/www.fumssar.com.br\/index.php?rest_route=\/wp\/v2\/users\/11"}],"replies":[{"embeddable":true,"href":"https:\/\/www.fumssar.com.br\/index.php?rest_route=%2Fwp%2Fv2%2Fcomments&post=13495"}],"version-history":[{"count":1,"href":"https:\/\/www.fumssar.com.br\/index.php?rest_route=\/wp\/v2\/posts\/13495\/revisions"}],"predecessor-version":[{"id":13499,"href":"https:\/\/www.fumssar.com.br\/index.php?rest_route=\/wp\/v2\/posts\/13495\/revisions\/13499"}],"wp:featuredmedia":[{"embeddable":true,"href":"https:\/\/www.fumssar.com.br\/index.php?rest_route=\/wp\/v2\/media\/13497"}],"wp:attachment":[{"href":"https:\/\/www.fumssar.com.br\/index.php?rest_route=%2Fwp%2Fv2%2Fmedia&parent=13495"}],"wp:term":[{"taxonomy":"category","embeddable":true,"href":"https:\/\/www.fumssar.com.br\/index.php?rest_route=%2Fwp%2Fv2%2Fcategories&post=13495"},{"taxonomy":"post_tag","embeddable":true,"href":"https:\/\/www.fumssar.com.br\/index.php?rest_route=%2Fwp%2Fv2%2Ftags&post=13495"}],"curies":[{"name":"wp","href":"https:\/\/api.w.org\/{rel}","templated":true}]}}