{"id":13448,"date":"2019-10-05T07:30:20","date_gmt":"2019-10-05T10:30:20","guid":{"rendered":"http:\/\/www.fumssar.com.br\/?p=13448"},"modified":"2024-10-07T16:34:56","modified_gmt":"2024-10-07T19:34:56","slug":"edital-de-convocacao-11-2019","status":"publish","type":"post","link":"https:\/\/www.fumssar.com.br\/?p=13448","title":{"rendered":"EDITAL DE CONVOCA\u00c7\u00c3O 11\/2019"},"content":{"rendered":"\n<div class=\"wp-block-file\"><a href=\"http:\/\/www.fumssar.com.br\/wp-content\/uploads\/2019\/10\/Edital-de-convoca\u00e7\u00e3o-11.2019.doc\">Edital-de-convoca\u00e7\u00e3o-11.2019<\/a><a href=\"http:\/\/www.fumssar.com.br\/wp-content\/uploads\/2019\/10\/Edital-de-convoca\u00e7\u00e3o-11.2019.doc\" class=\"wp-block-file__button\" download>Baixar<\/a><\/div>\n\n\n\n<p style=\"text-align:center\"><strong>EDITAL DE CONVOCA\u00c7\u00c3O N\u00ba 11\/2019<\/strong><\/p>\n\n\n\n<p><strong>O Presidente da Funda\u00e7\u00e3o\nMunicipal de Sa\u00fade de Santa Rosa, <\/strong>no uso de suas atribui\u00e7\u00f5es legais<strong> comunica<\/strong> que dever\u00e1 (\u00e3o) comparecer na\nFunda\u00e7\u00e3o Municipal da Sa\u00fade, sito \u00e0 Rua Dr. Francisco Timm, n\u00ba 480, para\nassumir vaga (s) para provimento (s) de cargo(s), conforme segue abaixo, devido\na aposentadoria de servidores. Informa ainda que se o (os) candidato(s) <strong>n\u00e3o\nse<\/strong> <strong>apresentar (em) no prazo m\u00e1ximo\nde 15 (quinze) dias ap\u00f3s esta publica\u00e7\u00e3o, ser\u00e1 (\u00e3o) considerado (s) desistente\n(s) tacitamente.<\/strong><\/p>\n\n\n\n<p><strong>Concurso P\u00fablico n\u00ba 01\/2015<\/strong><\/p>\n\n\n\n<p>T\u00c9CNICA EM ENFERMAGEM<\/p>\n\n\n\n<p>MARLENE BERNARDI (10\u00aa coloca\u00e7\u00e3o)<\/p>\n\n\n\n<p>GABINETE DO PRESIDENTE DA\nFUNDA\u00c7\u00c3O MUNICIPAL DE SA\u00daDE DE SANTA ROSA, 05 DE OUTUBRO DE 2019.<\/p>\n\n\n\n<p style=\"text-align:center\">D\u00c9LCIO STEFAN<\/p>\n\n\n\n<p style=\"text-align:center\">Presidente da FUMSSAR <\/p>\n\n\n\n<p style=\"text-align:center\">ROG\u00c9RIO SILVA DOS SANTOS<\/p>\n\n\n\n<p style=\"text-align:center\">Diretor de Gest\u00e3o Administrativa<\/p>\n","protected":false},"excerpt":{"rendered":"<p>EDITAL DE CONVOCA\u00c7\u00c3O N\u00ba 11\/2019 O Presidente da Funda\u00e7\u00e3o Municipal de Sa\u00fade de Santa Rosa,&#8230;<\/p>\n","protected":false},"author":24,"featured_media":0,"comment_status":"open","ping_status":"open","sticky":false,"template":"","format":"standard","meta":{"footnotes":""},"categories":[2,56],"tags":[],"_links":{"self":[{"href":"https:\/\/www.fumssar.com.br\/index.php?rest_route=\/wp\/v2\/posts\/13448"}],"collection":[{"href":"https:\/\/www.fumssar.com.br\/index.php?rest_route=\/wp\/v2\/posts"}],"about":[{"href":"https:\/\/www.fumssar.com.br\/index.php?rest_route=\/wp\/v2\/types\/post"}],"author":[{"embeddable":true,"href":"https:\/\/www.fumssar.com.br\/index.php?rest_route=\/wp\/v2\/users\/24"}],"replies":[{"embeddable":true,"href":"https:\/\/www.fumssar.com.br\/index.php?rest_route=%2Fwp%2Fv2%2Fcomments&post=13448"}],"version-history":[{"count":1,"href":"https:\/\/www.fumssar.com.br\/index.php?rest_route=\/wp\/v2\/posts\/13448\/revisions"}],"predecessor-version":[{"id":13450,"href":"https:\/\/www.fumssar.com.br\/index.php?rest_route=\/wp\/v2\/posts\/13448\/revisions\/13450"}],"wp:attachment":[{"href":"https:\/\/www.fumssar.com.br\/index.php?rest_route=%2Fwp%2Fv2%2Fmedia&parent=13448"}],"wp:term":[{"taxonomy":"category","embeddable":true,"href":"https:\/\/www.fumssar.com.br\/index.php?rest_route=%2Fwp%2Fv2%2Fcategories&post=13448"},{"taxonomy":"post_tag","embeddable":true,"href":"https:\/\/www.fumssar.com.br\/index.php?rest_route=%2Fwp%2Fv2%2Ftags&post=13448"}],"curies":[{"name":"wp","href":"https:\/\/api.w.org\/{rel}","templated":true}]}}