{"id":13425,"date":"2019-10-03T11:22:45","date_gmt":"2019-10-03T14:22:45","guid":{"rendered":"http:\/\/www.fumssar.com.br\/?p=13425"},"modified":"2024-10-07T16:34:56","modified_gmt":"2024-10-07T19:34:56","slug":"vicini-visitou-a-fumssar-2","status":"publish","type":"post","link":"https:\/\/www.fumssar.com.br\/?p=13425","title":{"rendered":"Vicini visitou a FUMSSAR"},"content":{"rendered":"\n<p><em>O prefeito ressaltou\nque seu governo est\u00e1 investindo R$ 11 milh\u00f5es a mais do que previsto por lei na\n\u00e1rea da sa\u00fade<\/em><\/p>\n\n\n\n<p>&nbsp;&nbsp;&nbsp;&nbsp;&nbsp;&nbsp;&nbsp;&nbsp;&nbsp;&nbsp;&nbsp; O Prefeito\nAlcides Vicini cumprindo agenda esteve na Funda\u00e7\u00e3o Municipal de Sa\u00fade de Santa\nRosa-FUMSSAR na tarde de quarta-feira, 02. O prefeito acompanhado do presidente\nD\u00e9lcio Stefan visitou diversos setores da institui\u00e7\u00e3o interagindo conversas com\nusu\u00e1rios e servidores. <\/p>\n\n\n\n<p>&nbsp;&nbsp;&nbsp;&nbsp;&nbsp;&nbsp;&nbsp;&nbsp;&nbsp;&nbsp;&nbsp; Vicini\nconversou ainda com os coordenadores de todas as unidades de sa\u00fade que estavam\nreunidos no audit\u00f3rio da Funda\u00e7\u00e3o fazendo &nbsp;um breve relato dos investimentos de seus\nmandatos na \u00e1rea da sa\u00fade, lembrando que sempre foram priorit\u00e1rios, ressaltando\nque mesmo com todas as dificuldades financeiras o munic\u00edpio de Santa Rosa est\u00e1\ninvestindo atualmente cerca &nbsp;de 22% do\nor\u00e7amento &nbsp;na sa\u00fade 7% a mais do que est\u00e1\nprevisto na legisla\u00e7\u00e3o, gerando cerca de R$ 11 milh\u00f5es a mais.<\/p>\n\n\n\n<p>&nbsp;&nbsp;&nbsp;&nbsp;&nbsp;&nbsp;&nbsp;&nbsp;&nbsp;&nbsp;&nbsp; O Prefeito frisou\nque diariamente a m\u00eddia \u00e1 n\u00edvel de pa\u00eds tem mostrado cidades com muitas\ndificuldades na sa\u00fade, com hospitais fechando, corredores lotados pessoas\nsofrendo em busca de atendimento, mas que gra\u00e7as a a\u00e7\u00f5es de gest\u00e3o cautelosa\nSanta Rosa desponta ainda como cidade que investe na \u00e1rea da sa\u00fade buscando\nsempre um atendimento humanizado para seus usu\u00e1rios.<\/p>\n\n\n\n<p>&nbsp;&nbsp;&nbsp;&nbsp;&nbsp;&nbsp;&nbsp;&nbsp;&nbsp;&nbsp;&nbsp; O prefeito\nesteve ainda reunido com O presidente D\u00e9lcio e diretores avaliando quest\u00f5es administrativas.<\/p>\n","protected":false},"excerpt":{"rendered":"<p>O prefeito ressaltou que seu governo est\u00e1 investindo R$ 11 milh\u00f5es a mais do que&#8230;<\/p>\n","protected":false},"author":11,"featured_media":13426,"comment_status":"open","ping_status":"open","sticky":false,"template":"","format":"standard","meta":{"footnotes":""},"categories":[2],"tags":[],"_links":{"self":[{"href":"https:\/\/www.fumssar.com.br\/index.php?rest_route=\/wp\/v2\/posts\/13425"}],"collection":[{"href":"https:\/\/www.fumssar.com.br\/index.php?rest_route=\/wp\/v2\/posts"}],"about":[{"href":"https:\/\/www.fumssar.com.br\/index.php?rest_route=\/wp\/v2\/types\/post"}],"author":[{"embeddable":true,"href":"https:\/\/www.fumssar.com.br\/index.php?rest_route=\/wp\/v2\/users\/11"}],"replies":[{"embeddable":true,"href":"https:\/\/www.fumssar.com.br\/index.php?rest_route=%2Fwp%2Fv2%2Fcomments&post=13425"}],"version-history":[{"count":1,"href":"https:\/\/www.fumssar.com.br\/index.php?rest_route=\/wp\/v2\/posts\/13425\/revisions"}],"predecessor-version":[{"id":13427,"href":"https:\/\/www.fumssar.com.br\/index.php?rest_route=\/wp\/v2\/posts\/13425\/revisions\/13427"}],"wp:featuredmedia":[{"embeddable":true,"href":"https:\/\/www.fumssar.com.br\/index.php?rest_route=\/wp\/v2\/media\/13426"}],"wp:attachment":[{"href":"https:\/\/www.fumssar.com.br\/index.php?rest_route=%2Fwp%2Fv2%2Fmedia&parent=13425"}],"wp:term":[{"taxonomy":"category","embeddable":true,"href":"https:\/\/www.fumssar.com.br\/index.php?rest_route=%2Fwp%2Fv2%2Fcategories&post=13425"},{"taxonomy":"post_tag","embeddable":true,"href":"https:\/\/www.fumssar.com.br\/index.php?rest_route=%2Fwp%2Fv2%2Ftags&post=13425"}],"curies":[{"name":"wp","href":"https:\/\/api.w.org\/{rel}","templated":true}]}}