{"id":13343,"date":"2019-09-18T08:53:34","date_gmt":"2019-09-18T11:53:34","guid":{"rendered":"http:\/\/www.fumssar.com.br\/?p=13343"},"modified":"2024-10-07T16:34:56","modified_gmt":"2024-10-07T19:34:56","slug":"fumssar-alerta-sarampo-volta-a-preocupar-em-2019-criancas-de-6-meses-a-11-meses-devem-ser-vacinadas","status":"publish","type":"post","link":"https:\/\/www.fumssar.com.br\/?p=13343","title":{"rendered":"FUMSSAR ALERTA: SARAMPO VOLTA A PREOCUPAR EM 2019 CRIAN\u00c7AS DE 6 MESES A 11 MESES DEVEM SER VACINADAS."},"content":{"rendered":"\n<p>O QUE \u00c9 SARAMPO?<\/p>\n\n\n\n<p>O Sarampo \u00e9 uma doen\u00e7a viral aguda,\ntransmitida diretamente de pessoa a pessoa. \u00c9 muito grave, principalmente em\ncrian\u00e7as menores de cinco anos, desnutridos e imunodeprimidos. As crian\u00e7as menores\nde 5 anos de idade est\u00e3o na faixa et\u00e1ria com maior n\u00famero de interna\u00e7\u00f5es por sarampo\ne apresentam maior risco de desenvolver complica\u00e7\u00f5es, tais como cegueira, encefalite,\ndiarreia grave, infec\u00e7\u00f5es no ouvido, pneumonias e \u00f3bitos pelo sarampo. Os\nadultos n\u00e3o vacinados s\u00e3o importante fonte de dissemina\u00e7\u00e3o da doen\u00e7a. QUAIS S\u00c3O\nOS SINTOMAS? Os principais sintomas s\u00e3o: febre alta (acima de 38,5\u00b0C), exantema\n(manchas vermelhas pelo corpo), cansa\u00e7o, falta de apetite e sintomas\nrespirat\u00f3rios, principalmente tosse. No quadro cl\u00ednico cl\u00e1ssico h\u00e1 coriza\n(secre\u00e7\u00e3o nasal), conjuntivite e fotofobia (sensibilidade \u00e0 luz). Casos complicados\npodem apresentar otites, laringites, diarreias, pneumonia e encefalites. COMO \u00c9\nTRANSMITIDA?A transmiss\u00e3o do v\u00edrus ocorre a partir de got\u00edculas de saliva ou\nsecre\u00e7\u00f5es respirat\u00f3rias de pessoas doentes ao espirrar, tossir, falar ou\nrespirar pr\u00f3ximo de pessoas sem imunidade contra o v\u00edrus sarampo. SITUA\u00c7\u00c3O\nEPIDEMIOL\u00d3GICA DO SARAMPO Em 2018, o Brasil registrou 10.328 casos e 12 \u00f3bitos\npor sarampo, a grande maioria na regi\u00e3o Norte. Em 2019, at\u00e9 07\/09, o pa\u00eds\npossui a confirma\u00e7\u00e3o de 4476 casos, distribu\u00eddos em 19 estados .A maior\nconcentra\u00e7\u00e3o de casos est\u00e1 na regi\u00e3o sudeste (97% dos casos). O estado do RS\nconfirmou07 casos de sarampo, 06 no munic\u00edpio de Porto Alegre e 01 residente em\nDois Irm\u00e3os, todos os casos s\u00e3o considerados importados ou vinculados a\nimporta\u00e7\u00e3o de S\u00e3o Paulo e Europa. Em 2019, o Brasil perdeu o certificado de\nelimina\u00e7\u00e3o do sarampo, apresentando a reintrodu\u00e7\u00e3o do v\u00edrus, devido a\ncontinuidade de sua circula\u00e7\u00e3o por mais de 12 meses no pa\u00eds. Apesar da faixa\net\u00e1ria de 20 a 29 anos apresentar o maior n\u00famero absoluto de casos confirmados\nregistrados, a faixa et\u00e1ria de crian\u00e7as menores de 1 ano \u00e9 que tem a maior\nincid\u00eancia, ou seja, maior risco de adoecer. Por este motivo, foi introduzida\nrecentemente uma dose extra de vacina contra o sarampo para todas as crian\u00e7as\nde 6 meses a 11 meses de idade, que ap\u00f3s esta dose adicional dever\u00e3o continuar\ncom seu esquema de vacina\u00e7\u00e3o normal ap\u00f3s 1 ano de idade. COMO PREVENIR?A\nvacina\u00e7\u00e3o contra o sarampo \u00e9 a principal estrat\u00e9gia para se prevenir a doen\u00e7a.\nA vacina \u00c9 &nbsp;disponibilizada em todas as\nunidades de sa\u00fade \u00e9 a Triplice Viral ou Tetra Viral. <\/p>\n\n\n\n<p>QUEM DEVE SE\nVACINAR?O esquema vacinal \u00e9\nconforme a idade:<\/p>\n\n\n\n<p>\u2022De 6 meses a 11 meses: uma dose de Tr\u00edplice\nViral (dose extra). Esta dose foi introduzida\nem agosto de 2019 para todas as crian\u00e7as.<\/p>\n\n\n\n<p>\u2022Aos 12 meses: uma dose de Triplice Viral,\njuntamente com as outras vacinas do calend\u00e1rio.<\/p>\n\n\n\n<p>\u2022Aos 15 meses: uma dose de Tetra Viral,\njuntamente com as outras vacinas do calend\u00e1rio.<\/p>\n\n\n\n<p>\u2022Crian\u00e7as acima de 5 anos, adolescentes e\nadultos at\u00e9 29 anos de idade n\u00e3o vacinados ou sem\ncomprovante de vacina\u00e7\u00e3o: dever\u00e3o receber 2 doses da vacina Tr\u00edplice Viral.<\/p>\n\n\n\n<p>\u2022Adultos de 30 a 49 anos n\u00e3o vacinados ou sem\ncomprovante de vacina\u00e7\u00e3o: dever\u00e3o receber1\ndose da vacina Tr\u00edplice Viral.<\/p>\n\n\n\n<p>\u2022Profissionais de Sa\u00fade: dever\u00e3o receber 2\ndoses da vacina Tr\u00edplice Viral, independente da\nidade. Vale lembrar que quem j\u00e1\n\u00e9 vacinado com o esquema preconizado para sua idade, n\u00e3o necessita realizar outra dose de vacina.<\/p>\n\n\n\n<p>&nbsp;O chamamento \u00e9 para\naquelas pessoas que n\u00e3o s\u00e3o vacinadas\nou que n\u00e3o sabem da sua situa\u00e7\u00e3o vacinal. Estas pessoas devem procurar a\nunidade de sa\u00fade de sua\nresid\u00eancia, n\u00e3o esquecendo &nbsp;de levar a\nsua carteira de vacina\u00e7\u00e3o. <\/p>\n\n\n\n<p>FONTE: <em>Vigil\u00e2ncia\nEpidemiol\u00f3gica da FUMSSA<\/em><em>R<\/em><\/p>\n","protected":false},"excerpt":{"rendered":"<p>O QUE \u00c9 SARAMPO? O Sarampo \u00e9 uma doen\u00e7a viral aguda, transmitida diretamente de pessoa&#8230;<\/p>\n","protected":false},"author":11,"featured_media":13344,"comment_status":"open","ping_status":"open","sticky":false,"template":"","format":"standard","meta":{"footnotes":""},"categories":[2],"tags":[],"_links":{"self":[{"href":"https:\/\/www.fumssar.com.br\/index.php?rest_route=\/wp\/v2\/posts\/13343"}],"collection":[{"href":"https:\/\/www.fumssar.com.br\/index.php?rest_route=\/wp\/v2\/posts"}],"about":[{"href":"https:\/\/www.fumssar.com.br\/index.php?rest_route=\/wp\/v2\/types\/post"}],"author":[{"embeddable":true,"href":"https:\/\/www.fumssar.com.br\/index.php?rest_route=\/wp\/v2\/users\/11"}],"replies":[{"embeddable":true,"href":"https:\/\/www.fumssar.com.br\/index.php?rest_route=%2Fwp%2Fv2%2Fcomments&post=13343"}],"version-history":[{"count":1,"href":"https:\/\/www.fumssar.com.br\/index.php?rest_route=\/wp\/v2\/posts\/13343\/revisions"}],"predecessor-version":[{"id":13345,"href":"https:\/\/www.fumssar.com.br\/index.php?rest_route=\/wp\/v2\/posts\/13343\/revisions\/13345"}],"wp:featuredmedia":[{"embeddable":true,"href":"https:\/\/www.fumssar.com.br\/index.php?rest_route=\/wp\/v2\/media\/13344"}],"wp:attachment":[{"href":"https:\/\/www.fumssar.com.br\/index.php?rest_route=%2Fwp%2Fv2%2Fmedia&parent=13343"}],"wp:term":[{"taxonomy":"category","embeddable":true,"href":"https:\/\/www.fumssar.com.br\/index.php?rest_route=%2Fwp%2Fv2%2Fcategories&post=13343"},{"taxonomy":"post_tag","embeddable":true,"href":"https:\/\/www.fumssar.com.br\/index.php?rest_route=%2Fwp%2Fv2%2Ftags&post=13343"}],"curies":[{"name":"wp","href":"https:\/\/api.w.org\/{rel}","templated":true}]}}