{"id":13337,"date":"2019-09-18T07:30:55","date_gmt":"2019-09-18T10:30:55","guid":{"rendered":"http:\/\/www.fumssar.com.br\/?p=13337"},"modified":"2024-10-07T16:34:56","modified_gmt":"2024-10-07T19:34:56","slug":"edital-de-convocacao-09-de-2019","status":"publish","type":"post","link":"https:\/\/www.fumssar.com.br\/?p=13337","title":{"rendered":"Edital de Convoca\u00e7\u00e3o 09 de 2019"},"content":{"rendered":"\n<div class=\"wp-block-file\"><a href=\"http:\/\/www.fumssar.com.br\/wp-content\/uploads\/2019\/09\/Edital-de-convoca\u00e7\u00e3o-09.2019.doc\">Edital-de-convoca\u00e7\u00e3o-09.2019<\/a><a href=\"http:\/\/www.fumssar.com.br\/wp-content\/uploads\/2019\/09\/Edital-de-convoca\u00e7\u00e3o-09.2019.doc\" class=\"wp-block-file__button\" download>Baixar<\/a><\/div>\n\n\n\n<p style=\"text-align:center\"><strong>EDITAL DE CONVOCA\u00c7\u00c3O N\u00ba 09\/2019<\/strong><\/p>\n\n\n\n<p><strong>O Presidente da Funda\u00e7\u00e3o\nMunicipal de Sa\u00fade de Santa Rosa, <\/strong>no uso de suas atribui\u00e7\u00f5es legais<strong> comunica<\/strong> que dever\u00e1 (\u00e3o) comparecer na\nFunda\u00e7\u00e3o Municipal da Sa\u00fade, sito \u00e0 Rua Dr. Francisco Timm, n\u00ba 480, para\nassumir vaga (s) para provimento (s) de cargo(s), conforme segue abaixo, de\nacordo com a vaga ofertada no concurso n\u00ba 01\/2015. Informa ainda que se o (os)\ncandidato(s) <strong>n\u00e3o se<\/strong> <strong>apresentar\n(em) no prazo m\u00e1ximo de 15 (quinze) dias ap\u00f3s esta publica\u00e7\u00e3o, ser\u00e1 (\u00e3o)\nconsiderado (s) desistente (s) tacitamente.<\/strong><\/p>\n\n\n\n<p><strong>Concurso P\u00fablico n\u00ba 01\/2015<\/strong><\/p>\n\n\n\n<p>FARMAC\u00caUTICO BIOQU\u00cdMICO GERAL<\/p>\n\n\n\n<p>LUCIANA HUPPES (1\u00aa coloca\u00e7\u00e3o)<\/p>\n\n\n\n<p>GABINETE DO PRESIDENTE DA\nFUNDA\u00c7\u00c3O MUNICIPAL DE SA\u00daDE DE SANTA ROSA, 18 DE SETEMBRO DE 2019.<\/p>\n\n\n\n<p>D\u00c9LCIO STEFAN<\/p>\n\n\n\n<p>Presidente da FUMSSAR <\/p>\n\n\n\n<p>ROG\u00c9RIO SILVA DOS SANTOS <\/p>\n\n\n\n<p>Diretor de Gest\u00e3o Administrativa <\/p>\n","protected":false},"excerpt":{"rendered":"<p>EDITAL DE CONVOCA\u00c7\u00c3O N\u00ba 09\/2019 O Presidente da Funda\u00e7\u00e3o Municipal de Sa\u00fade de Santa Rosa,&#8230;<\/p>\n","protected":false},"author":24,"featured_media":0,"comment_status":"open","ping_status":"open","sticky":false,"template":"","format":"standard","meta":{"footnotes":""},"categories":[2,56,54],"tags":[],"_links":{"self":[{"href":"https:\/\/www.fumssar.com.br\/index.php?rest_route=\/wp\/v2\/posts\/13337"}],"collection":[{"href":"https:\/\/www.fumssar.com.br\/index.php?rest_route=\/wp\/v2\/posts"}],"about":[{"href":"https:\/\/www.fumssar.com.br\/index.php?rest_route=\/wp\/v2\/types\/post"}],"author":[{"embeddable":true,"href":"https:\/\/www.fumssar.com.br\/index.php?rest_route=\/wp\/v2\/users\/24"}],"replies":[{"embeddable":true,"href":"https:\/\/www.fumssar.com.br\/index.php?rest_route=%2Fwp%2Fv2%2Fcomments&post=13337"}],"version-history":[{"count":1,"href":"https:\/\/www.fumssar.com.br\/index.php?rest_route=\/wp\/v2\/posts\/13337\/revisions"}],"predecessor-version":[{"id":13339,"href":"https:\/\/www.fumssar.com.br\/index.php?rest_route=\/wp\/v2\/posts\/13337\/revisions\/13339"}],"wp:attachment":[{"href":"https:\/\/www.fumssar.com.br\/index.php?rest_route=%2Fwp%2Fv2%2Fmedia&parent=13337"}],"wp:term":[{"taxonomy":"category","embeddable":true,"href":"https:\/\/www.fumssar.com.br\/index.php?rest_route=%2Fwp%2Fv2%2Fcategories&post=13337"},{"taxonomy":"post_tag","embeddable":true,"href":"https:\/\/www.fumssar.com.br\/index.php?rest_route=%2Fwp%2Fv2%2Ftags&post=13337"}],"curies":[{"name":"wp","href":"https:\/\/api.w.org\/{rel}","templated":true}]}}