{"id":13333,"date":"2019-09-17T10:08:58","date_gmt":"2019-09-17T13:08:58","guid":{"rendered":"http:\/\/www.fumssar.com.br\/?p=13333"},"modified":"2024-10-07T16:34:56","modified_gmt":"2024-10-07T19:34:56","slug":"projeto-de-melhoria-na-farmacia-municipal-e-distrital-reduz-problema-de-receita-ilegivel","status":"publish","type":"post","link":"https:\/\/www.fumssar.com.br\/?p=13333","title":{"rendered":"Projeto de melhoria na Farm\u00e1cia Municipal e Distrital reduz problema de receita ileg\u00edvel"},"content":{"rendered":"\n<p>&nbsp;&nbsp;&nbsp;&nbsp;\n&nbsp;A aproximadamente 3 meses,\niniciou-se um projeto de melhoria nos processos de trabalho na Farm\u00e1cia Municipal\nda FUMSSAR. &nbsp;O objetivo principal deste\nprojeto era buscar e evidenciar melhorias, criando um ambiente de trabalho mais\nhumanizado, reduzir o tempo de espera no atendimento, evitar retrabalhos e\ndeslocamentos desnecess\u00e1rios para os usu\u00e1rios e tamb\u00e9m garantir a seguran\u00e7a na\ndispensa\u00e7\u00e3o dos medicamentos.&nbsp;&nbsp; <\/p>\n\n\n\n<p>No\ndecorrer deste per\u00edodo, entre v\u00e1rias a\u00e7\u00f5es implantadas, destacam-se a\npadroniza\u00e7\u00e3o dos processos, altera\u00e7\u00e3o de layout, organiza\u00e7\u00e3o do fluxo de\ntrabalho das estagi\u00e1rias, aquisi\u00e7\u00e3o de equipamentos e a elabora\u00e7\u00e3o da portaria\nque define claramente a forma de prescri\u00e7\u00e3o e dispensa\u00e7\u00e3o de medicamentos,\nconforme a legisla\u00e7\u00e3o.<\/p>\n\n\n\n<p>&nbsp;&nbsp;&nbsp;&nbsp;&nbsp;&nbsp;&nbsp;&nbsp;&nbsp;&nbsp;&nbsp;&nbsp;&nbsp;&nbsp;&nbsp;&nbsp;&nbsp; Segundo o Diretor de Gest\u00e3o\nEstrat\u00e9gica, Ademir Rosa, o trabalho est\u00e1 em pleno andamento e os resultados j\u00e1\nest\u00e3o aparecendo. \u201cConseguimos reduzir o tempo <strong>m\u00e9dio<\/strong> de espera em mais de 30%, <strong>reduzimos\nem 50% os usu\u00e1rios que necessitavam voltar ao local da prescri\u00e7\u00e3o, pela receita\nileg\u00edvel.<\/strong> Isso nos faz acreditar e por isso agradecemos aos profissionais\nm\u00e9dicos tanto da FUMSSAR e do Hospital, quanto aos demais, pela compreens\u00e3o e\natendimento da nossa solicita\u00e7\u00e3o. Tamb\u00e9m implementamos a dupla checagem para\ngarantir a seguran\u00e7a do usu\u00e1rio\u201d.<\/p>\n\n\n\n<p>&nbsp;&nbsp;&nbsp;&nbsp;&nbsp;&nbsp;&nbsp;&nbsp;&nbsp;&nbsp;&nbsp;&nbsp;&nbsp;&nbsp;&nbsp;&nbsp;&nbsp;&nbsp; Por fim, o Diretor Ademir diz\nque o projeto tem v\u00e1rias a\u00e7\u00f5es que ainda est\u00e3o em andamento e que em breve ter\u00e1\nnovidades no funcionamento deste setor, pois foi conclu\u00eddo o estudo de\nviabilidade para a amplia\u00e7\u00e3o do hor\u00e1rio de atendimento com abertura da farm\u00e1cia\ndurante o per\u00edodo do meio dia, sendo das 11:30 \u00e0s 13:30 horas. Nos pr\u00f3ximos\ndias ser\u00e1 divulgado a data do in\u00edcio da amplia\u00e7\u00e3o de hor\u00e1rios, conforme\nsolicitado a alguns meses atr\u00e1s pelo ent\u00e3o Presidente Anderson Mantei e\nrefor\u00e7ado pelo Conselho Municipal de Sa\u00fade , pelo atual Presidente D\u00e9lcio\nStefan, buscando sempre humanizar os atendimentos ao cidad\u00e3o conforme o que\npreconiza as a\u00e7\u00f5es do atual&nbsp; governo\nmunicipal de Santa Rosa.<\/p>\n\n\n\n<p>\u201cEstou muito\nfeliz e entusiasmado com os resultados alcan\u00e7ados at\u00e9 o momento, pois temos uma\nequipe empenhada e comprometida na farm\u00e1cia e contamos com apoio e o entendimento\ndos usu\u00e1rios. Estamos avaliando a possibilidade de implantar 1ou 2 caixas exclusivos\npara entregas de medicamentos que s\u00e3o de aquisi\u00e7\u00e3o do munic\u00edpio, pois estes s\u00e3o\nmais r\u00e1pidos e correspondem a 70% da demanda e, assim iremos reduzir ainda mais\no tempo <strong>m\u00e9dio<\/strong> de espera\u201d. <\/p>\n","protected":false},"excerpt":{"rendered":"<p>&nbsp;&nbsp;&nbsp;&nbsp; &nbsp;A aproximadamente 3 meses, iniciou-se um projeto de melhoria nos processos de trabalho na&#8230;<\/p>\n","protected":false},"author":11,"featured_media":13334,"comment_status":"open","ping_status":"open","sticky":false,"template":"","format":"standard","meta":{"footnotes":""},"categories":[2],"tags":[],"_links":{"self":[{"href":"https:\/\/www.fumssar.com.br\/index.php?rest_route=\/wp\/v2\/posts\/13333"}],"collection":[{"href":"https:\/\/www.fumssar.com.br\/index.php?rest_route=\/wp\/v2\/posts"}],"about":[{"href":"https:\/\/www.fumssar.com.br\/index.php?rest_route=\/wp\/v2\/types\/post"}],"author":[{"embeddable":true,"href":"https:\/\/www.fumssar.com.br\/index.php?rest_route=\/wp\/v2\/users\/11"}],"replies":[{"embeddable":true,"href":"https:\/\/www.fumssar.com.br\/index.php?rest_route=%2Fwp%2Fv2%2Fcomments&post=13333"}],"version-history":[{"count":1,"href":"https:\/\/www.fumssar.com.br\/index.php?rest_route=\/wp\/v2\/posts\/13333\/revisions"}],"predecessor-version":[{"id":13335,"href":"https:\/\/www.fumssar.com.br\/index.php?rest_route=\/wp\/v2\/posts\/13333\/revisions\/13335"}],"wp:featuredmedia":[{"embeddable":true,"href":"https:\/\/www.fumssar.com.br\/index.php?rest_route=\/wp\/v2\/media\/13334"}],"wp:attachment":[{"href":"https:\/\/www.fumssar.com.br\/index.php?rest_route=%2Fwp%2Fv2%2Fmedia&parent=13333"}],"wp:term":[{"taxonomy":"category","embeddable":true,"href":"https:\/\/www.fumssar.com.br\/index.php?rest_route=%2Fwp%2Fv2%2Fcategories&post=13333"},{"taxonomy":"post_tag","embeddable":true,"href":"https:\/\/www.fumssar.com.br\/index.php?rest_route=%2Fwp%2Fv2%2Ftags&post=13333"}],"curies":[{"name":"wp","href":"https:\/\/api.w.org\/{rel}","templated":true}]}}