{"id":13329,"date":"2019-09-17T09:19:56","date_gmt":"2019-09-17T12:19:56","guid":{"rendered":"http:\/\/www.fumssar.com.br\/?p=13329"},"modified":"2024-10-07T16:34:56","modified_gmt":"2024-10-07T19:34:56","slug":"comite-de-prevencao-ao-suicidio-da-fumssar-realizou-atividade-alusiva-ao-setembro-amarelo","status":"publish","type":"post","link":"https:\/\/www.fumssar.com.br\/?p=13329","title":{"rendered":"Comit\u00ea de Preven\u00e7\u00e3o ao Suic\u00eddio da FUMSSAR realizou atividade alusiva ao Setembro Amarelo"},"content":{"rendered":"\n<p>No dia 10 de\nsetembro o Comit\u00ea de Preven\u00e7\u00e3o ao Suic\u00eddio da FUMSSAR realizou evento alusivo\nao setembro amarelo. A atividade aconteceu no audit\u00f3rio do N\u00facleo de Ensino e\nPesquisas- NEP, sendo que no turno da manh\u00e3 foram convidadas diversas\ninstitui\u00e7\u00f5es da sociedade que possam ter interesse e atuem com a tem\u00e1tica, como\nCRAS, escolas, coordenadorias de educa\u00e7\u00e3o, secretaria de educa\u00e7\u00e3o, etc. A\ntem\u00e1tica na manh\u00e3 foi abordada pela enfermeira da 14\u00aa CRS, Doris B\u00fctenbender,\nque explanou sobre as viol\u00eancias e a import\u00e2ncia das notifica\u00e7\u00f5es nos sistemas\nde informa\u00e7\u00e3o do Minist\u00e9rio da Sa\u00fade. Tamb\u00e9m explanou a psic\u00f3loga da FUMSSAR,\nMaria Cristina Ehlert, que abordou a tem\u00e1tica do suic\u00eddio quanto a cultura,\nsinais de alerta, e meios de atua\u00e7\u00e3o junto aos usu\u00e1rios em sofrimento mental\ncom idea\u00e7\u00e3o ou tentativa de suic\u00eddio. No turno da tarde a atividade foi\ndirecionada para os servidores de n\u00edvel superior da FUMSSAR, sendo iniciada com\num teatro de alunos do ensino m\u00e9dio do IFF sobre a sa\u00fade mental. A tem\u00e1tica foi\nabordada pelo comit\u00ea de preven\u00e7\u00e3o ao suic\u00eddio que apresentou as a\u00e7\u00f5es\nrealizadas desde sua cria\u00e7\u00e3o bem como as a\u00e7\u00f5es planejadas para 2020, fala\nrealizada pela m\u00e9dica do CAPS II, Fabiana Breitenbach. Nesta tarde, a\nenfermeira Doris tamb\u00e9m tratou sobre as viol\u00eancias e notifica\u00e7\u00f5es, e a residente\nde psicologia, Alexandra Alf, apresentou seu TCR sobre o tema. Atividades que\ndemonstraram a import\u00e2ncia do trabalho em rede na abordagem deste tema.<\/p>\n","protected":false},"excerpt":{"rendered":"<p>No dia 10 de setembro o Comit\u00ea de Preven\u00e7\u00e3o ao Suic\u00eddio da FUMSSAR realizou evento&#8230;<\/p>\n","protected":false},"author":11,"featured_media":13330,"comment_status":"open","ping_status":"open","sticky":false,"template":"","format":"standard","meta":{"footnotes":""},"categories":[2],"tags":[],"_links":{"self":[{"href":"https:\/\/www.fumssar.com.br\/index.php?rest_route=\/wp\/v2\/posts\/13329"}],"collection":[{"href":"https:\/\/www.fumssar.com.br\/index.php?rest_route=\/wp\/v2\/posts"}],"about":[{"href":"https:\/\/www.fumssar.com.br\/index.php?rest_route=\/wp\/v2\/types\/post"}],"author":[{"embeddable":true,"href":"https:\/\/www.fumssar.com.br\/index.php?rest_route=\/wp\/v2\/users\/11"}],"replies":[{"embeddable":true,"href":"https:\/\/www.fumssar.com.br\/index.php?rest_route=%2Fwp%2Fv2%2Fcomments&post=13329"}],"version-history":[{"count":1,"href":"https:\/\/www.fumssar.com.br\/index.php?rest_route=\/wp\/v2\/posts\/13329\/revisions"}],"predecessor-version":[{"id":13331,"href":"https:\/\/www.fumssar.com.br\/index.php?rest_route=\/wp\/v2\/posts\/13329\/revisions\/13331"}],"wp:featuredmedia":[{"embeddable":true,"href":"https:\/\/www.fumssar.com.br\/index.php?rest_route=\/wp\/v2\/media\/13330"}],"wp:attachment":[{"href":"https:\/\/www.fumssar.com.br\/index.php?rest_route=%2Fwp%2Fv2%2Fmedia&parent=13329"}],"wp:term":[{"taxonomy":"category","embeddable":true,"href":"https:\/\/www.fumssar.com.br\/index.php?rest_route=%2Fwp%2Fv2%2Fcategories&post=13329"},{"taxonomy":"post_tag","embeddable":true,"href":"https:\/\/www.fumssar.com.br\/index.php?rest_route=%2Fwp%2Fv2%2Ftags&post=13329"}],"curies":[{"name":"wp","href":"https:\/\/api.w.org\/{rel}","templated":true}]}}