{"id":13185,"date":"2019-09-06T17:14:07","date_gmt":"2019-09-06T20:14:07","guid":{"rendered":"http:\/\/www.fumssar.com.br\/?p=13185"},"modified":"2024-10-07T16:34:57","modified_gmt":"2024-10-07T19:34:57","slug":"medica-da-fumssar-palestrou-na-pastoral-de-idosos","status":"publish","type":"post","link":"https:\/\/www.fumssar.com.br\/?p=13185","title":{"rendered":"M\u00e9dica da FUMSSAR palestrou na Pastoral de Idosos"},"content":{"rendered":"\n<p>Participantes da Pastoral da Pessoa Idosa da Par\u00f3quia\nAuxiliadora do bairro Polivalente, participaram esta semana de uma palestra ministrada\npela Dr\u00aa. Luciane Jung Dias, m\u00e9dica da FUMSSAR&nbsp;\nque atua na UBS Centro e abordou o tema \u201c Linha de Cuidado do Idoso\u201d.\nSegundo o coordenador&nbsp; Paroquial Paulo Freitas\nos temas abordados pela profissional foram muito preciosos e contribu\u00edram com a\nmiss\u00e3o quanto a melhoria na qualidade de vida da pessoa idosa.<\/p>\n\n\n\n<p>&nbsp;&nbsp;&nbsp;&nbsp;&nbsp;&nbsp;&nbsp;&nbsp;&nbsp;&nbsp;&nbsp; Paulo\nagradeceu ao presidente da FUMSSAR D\u00e9lcio Stefan por ter disponibilizado a\nprofissional bem como ao gerente da Aten\u00e7\u00e3o Prim\u00e1ria Jocemar Gerhardt pela\naten\u00e7\u00e3o dispensada para o evento.<\/p>\n","protected":false},"excerpt":{"rendered":"<p>Participantes da Pastoral da Pessoa Idosa da Par\u00f3quia Auxiliadora do bairro Polivalente, participaram esta semana&#8230;<\/p>\n","protected":false},"author":11,"featured_media":13186,"comment_status":"open","ping_status":"open","sticky":false,"template":"","format":"standard","meta":{"footnotes":""},"categories":[2],"tags":[],"_links":{"self":[{"href":"https:\/\/www.fumssar.com.br\/index.php?rest_route=\/wp\/v2\/posts\/13185"}],"collection":[{"href":"https:\/\/www.fumssar.com.br\/index.php?rest_route=\/wp\/v2\/posts"}],"about":[{"href":"https:\/\/www.fumssar.com.br\/index.php?rest_route=\/wp\/v2\/types\/post"}],"author":[{"embeddable":true,"href":"https:\/\/www.fumssar.com.br\/index.php?rest_route=\/wp\/v2\/users\/11"}],"replies":[{"embeddable":true,"href":"https:\/\/www.fumssar.com.br\/index.php?rest_route=%2Fwp%2Fv2%2Fcomments&post=13185"}],"version-history":[{"count":1,"href":"https:\/\/www.fumssar.com.br\/index.php?rest_route=\/wp\/v2\/posts\/13185\/revisions"}],"predecessor-version":[{"id":13187,"href":"https:\/\/www.fumssar.com.br\/index.php?rest_route=\/wp\/v2\/posts\/13185\/revisions\/13187"}],"wp:featuredmedia":[{"embeddable":true,"href":"https:\/\/www.fumssar.com.br\/index.php?rest_route=\/wp\/v2\/media\/13186"}],"wp:attachment":[{"href":"https:\/\/www.fumssar.com.br\/index.php?rest_route=%2Fwp%2Fv2%2Fmedia&parent=13185"}],"wp:term":[{"taxonomy":"category","embeddable":true,"href":"https:\/\/www.fumssar.com.br\/index.php?rest_route=%2Fwp%2Fv2%2Fcategories&post=13185"},{"taxonomy":"post_tag","embeddable":true,"href":"https:\/\/www.fumssar.com.br\/index.php?rest_route=%2Fwp%2Fv2%2Ftags&post=13185"}],"curies":[{"name":"wp","href":"https:\/\/api.w.org\/{rel}","templated":true}]}}