{"id":13178,"date":"2019-09-03T15:42:37","date_gmt":"2019-09-03T18:42:37","guid":{"rendered":"http:\/\/www.fumssar.com.br\/?p=13178"},"modified":"2024-10-07T16:34:57","modified_gmt":"2024-10-07T19:34:57","slug":"fumssar-prestigia-os-10-anos-de-atendimento-do-samu","status":"publish","type":"post","link":"https:\/\/www.fumssar.com.br\/?p=13178","title":{"rendered":"FUMSSAR prestigia os 10 anos de atendimento do SAMU"},"content":{"rendered":"\n<p>&nbsp;&nbsp;&nbsp;&nbsp;&nbsp;&nbsp;&nbsp;&nbsp;&nbsp;&nbsp;&nbsp; No dia 01\/09\no Servi\u00e7o de Atendimento M\u00f3vel de Urg\u00eancia-SAMU completou 10 anos de atividades\nem Santa Rosa. O servi\u00e7o \u00e9 prestado com duas unidades: Unidade B\u00e1sica que\natende Santa Rosa e a Unidade Avan\u00e7ada quem al\u00e9m de Santa Rosa atende os demais\n22 munic\u00edpios da Regi\u00e3o.<\/p>\n\n\n\n<p>&nbsp;&nbsp;&nbsp;&nbsp;&nbsp;&nbsp;&nbsp;&nbsp;&nbsp;&nbsp;&nbsp; A Unidade\nAvan\u00e7ada presta servi\u00e7os de UTI&nbsp; m\u00f3vel\npara transporte de pacientes num raio de 200 km da sede. Este servi\u00e7o assim\ncomo os demais &nbsp;contribuem muito com a\nrede de urg\u00eancia e emerg\u00eancia.<\/p>\n\n\n\n<p>&nbsp;&nbsp;&nbsp;&nbsp;&nbsp;&nbsp;&nbsp;&nbsp;&nbsp;&nbsp;&nbsp; O Presidente\nda FUMSSAR D\u00e9lcio Stefan, esteve em visita a unidade reunido com o Gerente\nSilvano Cervo fazendo uma avalia\u00e7\u00e3o dos servi\u00e7os prestados pela unidade. O\nPresidente parabenizou a unidade&nbsp;\ndestacando o envolvimento de todos os membros da equipe quanto a quest\u00e3o\nsalvar vidas.<\/p>\n","protected":false},"excerpt":{"rendered":"<p>&nbsp;&nbsp;&nbsp;&nbsp;&nbsp;&nbsp;&nbsp;&nbsp;&nbsp;&nbsp;&nbsp; No dia 01\/09 o Servi\u00e7o de Atendimento M\u00f3vel de Urg\u00eancia-SAMU completou 10 anos de&#8230;<\/p>\n","protected":false},"author":11,"featured_media":13180,"comment_status":"open","ping_status":"open","sticky":false,"template":"","format":"standard","meta":{"footnotes":""},"categories":[2],"tags":[],"_links":{"self":[{"href":"https:\/\/www.fumssar.com.br\/index.php?rest_route=\/wp\/v2\/posts\/13178"}],"collection":[{"href":"https:\/\/www.fumssar.com.br\/index.php?rest_route=\/wp\/v2\/posts"}],"about":[{"href":"https:\/\/www.fumssar.com.br\/index.php?rest_route=\/wp\/v2\/types\/post"}],"author":[{"embeddable":true,"href":"https:\/\/www.fumssar.com.br\/index.php?rest_route=\/wp\/v2\/users\/11"}],"replies":[{"embeddable":true,"href":"https:\/\/www.fumssar.com.br\/index.php?rest_route=%2Fwp%2Fv2%2Fcomments&post=13178"}],"version-history":[{"count":1,"href":"https:\/\/www.fumssar.com.br\/index.php?rest_route=\/wp\/v2\/posts\/13178\/revisions"}],"predecessor-version":[{"id":13179,"href":"https:\/\/www.fumssar.com.br\/index.php?rest_route=\/wp\/v2\/posts\/13178\/revisions\/13179"}],"wp:featuredmedia":[{"embeddable":true,"href":"https:\/\/www.fumssar.com.br\/index.php?rest_route=\/wp\/v2\/media\/13180"}],"wp:attachment":[{"href":"https:\/\/www.fumssar.com.br\/index.php?rest_route=%2Fwp%2Fv2%2Fmedia&parent=13178"}],"wp:term":[{"taxonomy":"category","embeddable":true,"href":"https:\/\/www.fumssar.com.br\/index.php?rest_route=%2Fwp%2Fv2%2Fcategories&post=13178"},{"taxonomy":"post_tag","embeddable":true,"href":"https:\/\/www.fumssar.com.br\/index.php?rest_route=%2Fwp%2Fv2%2Ftags&post=13178"}],"curies":[{"name":"wp","href":"https:\/\/api.w.org\/{rel}","templated":true}]}}