{"id":13118,"date":"2019-08-16T14:22:12","date_gmt":"2019-08-16T17:22:12","guid":{"rendered":"http:\/\/www.fumssar.com.br\/?p=13118"},"modified":"2024-10-07T16:34:57","modified_gmt":"2024-10-07T19:34:57","slug":"presidente-da-fumssar-visitou-o-crenovi","status":"publish","type":"post","link":"https:\/\/www.fumssar.com.br\/?p=13118","title":{"rendered":"Presidente da FUMSSAR visitou o CRENOVI"},"content":{"rendered":"\n<p><\/p>\n\n\n\n<p>&nbsp;&nbsp;&nbsp;&nbsp;&nbsp;&nbsp;&nbsp;&nbsp;&nbsp;&nbsp;&nbsp;&nbsp;&nbsp;&nbsp;&nbsp; Na quarta-feira 14, D\u00e9lcio Stefan\nPresidente da FUMSSAR&nbsp; esteve em visita\nao Centro de Reabilita\u00e7\u00e3o Nova Vida-CRENOVI. A sede da entidade fica na\nlocalidade de Rinc\u00e3o Santo Cristo em Santa Rosa e atende&nbsp; a dependentes qu\u00edmicos. A capacidade do\nCentro \u00e9 de 24 leitos e a FUMSSAR mant\u00e9m conv\u00eanio com a institui\u00e7\u00e3o para o\natendimento de usu\u00e1rios.<\/p>\n\n\n\n<p>&nbsp;&nbsp;&nbsp;&nbsp;&nbsp;&nbsp;&nbsp;&nbsp;&nbsp;&nbsp;&nbsp; O presidente\nD\u00e9lcio esteve reunido com a diretoria da institui\u00e7\u00e3o e logo ap\u00f3s visitou as\ninstala\u00e7\u00f5es de atendimento que a mesma oferta aos&nbsp; dependentes. O presidente ressaltou aos\npresentes que a sa\u00fade mental deve ser tratada como uma das priorit\u00e1rias neste\nsentido inclui-se o trabalho de recupera\u00e7\u00e3o pelas comunidades terap\u00eauticas.\nStefan elogiou as instala\u00e7\u00f5es da institui\u00e7\u00e3o bem como o trabalho realizado pelo\nvoluntariado que constitui a mesma.<\/p>\n\n\n\n<p>&nbsp;&nbsp;&nbsp;&nbsp;&nbsp;&nbsp;&nbsp;&nbsp;&nbsp;&nbsp;&nbsp; O presidente\ndo CRENOVI Nilton&nbsp; Prado Schmitt\njuntamente com a equipe fez um relato das a\u00e7\u00f5es desenvolvidas e tamb\u00e9m sobre o\ntrabalho realizado para manuten\u00e7\u00e3o do Centro. <\/p>\n","protected":false},"excerpt":{"rendered":"<p>&nbsp;&nbsp;&nbsp;&nbsp;&nbsp;&nbsp;&nbsp;&nbsp;&nbsp;&nbsp;&nbsp;&nbsp;&nbsp;&nbsp;&nbsp; Na quarta-feira 14, D\u00e9lcio Stefan Presidente da FUMSSAR&nbsp; esteve em visita ao Centro de&#8230;<\/p>\n","protected":false},"author":11,"featured_media":13119,"comment_status":"open","ping_status":"open","sticky":false,"template":"","format":"standard","meta":{"footnotes":""},"categories":[2],"tags":[],"_links":{"self":[{"href":"https:\/\/www.fumssar.com.br\/index.php?rest_route=\/wp\/v2\/posts\/13118"}],"collection":[{"href":"https:\/\/www.fumssar.com.br\/index.php?rest_route=\/wp\/v2\/posts"}],"about":[{"href":"https:\/\/www.fumssar.com.br\/index.php?rest_route=\/wp\/v2\/types\/post"}],"author":[{"embeddable":true,"href":"https:\/\/www.fumssar.com.br\/index.php?rest_route=\/wp\/v2\/users\/11"}],"replies":[{"embeddable":true,"href":"https:\/\/www.fumssar.com.br\/index.php?rest_route=%2Fwp%2Fv2%2Fcomments&post=13118"}],"version-history":[{"count":1,"href":"https:\/\/www.fumssar.com.br\/index.php?rest_route=\/wp\/v2\/posts\/13118\/revisions"}],"predecessor-version":[{"id":13120,"href":"https:\/\/www.fumssar.com.br\/index.php?rest_route=\/wp\/v2\/posts\/13118\/revisions\/13120"}],"wp:featuredmedia":[{"embeddable":true,"href":"https:\/\/www.fumssar.com.br\/index.php?rest_route=\/wp\/v2\/media\/13119"}],"wp:attachment":[{"href":"https:\/\/www.fumssar.com.br\/index.php?rest_route=%2Fwp%2Fv2%2Fmedia&parent=13118"}],"wp:term":[{"taxonomy":"category","embeddable":true,"href":"https:\/\/www.fumssar.com.br\/index.php?rest_route=%2Fwp%2Fv2%2Fcategories&post=13118"},{"taxonomy":"post_tag","embeddable":true,"href":"https:\/\/www.fumssar.com.br\/index.php?rest_route=%2Fwp%2Fv2%2Ftags&post=13118"}],"curies":[{"name":"wp","href":"https:\/\/api.w.org\/{rel}","templated":true}]}}