{"id":13115,"date":"2019-08-16T14:20:34","date_gmt":"2019-08-16T17:20:34","guid":{"rendered":"http:\/\/www.fumssar.com.br\/?p=13115"},"modified":"2024-10-07T16:34:57","modified_gmt":"2024-10-07T19:34:57","slug":"capacitacao-de-servidores-da-fumssar","status":"publish","type":"post","link":"https:\/\/www.fumssar.com.br\/?p=13115","title":{"rendered":"Capacita\u00e7\u00e3o de servidores da FUMSSAR"},"content":{"rendered":"\n<p>Encerrada na semana passada mais uma\netapa de capacita\u00e7\u00f5es que s\u00e3o ofertadas aos servidores da FUMSSAR. Os cursos\ns\u00e3o&nbsp; ministrados pela Psic\u00f3loga Charlize Griebler do Servi\u00e7o &nbsp;Nacional de Aprendizagem Rural-SENAR, em parceria\ncom o Sindicato Rural de Santa Rosa e FUMSSAR. Os &nbsp;temas abordados&nbsp; foram de Autoconhecimento e Relacionamento\nInterpessoal e de Lideran\u00e7a e Desenvolvimento de Equipes, tendo como objetivo\nna primeira etapa conhecer a organiza\u00e7\u00e3o estrutural humana, aspectos da\npersonalidade, da Intelig\u00eancia emocional, das compet\u00eancias e o impacto destas\nnas rela\u00e7\u00f5es humanas. J\u00e1 o segundo encontro aprimora os conceitos de equipe,\ndiscute o gerenciamento de crises e a import\u00e2ncia da comunica\u00e7\u00e3o assertiva,\nal\u00e9m do feedback e dos conceitos de lideran\u00e7a. <\/p>\n\n\n\n<p>&nbsp;&nbsp;&nbsp;&nbsp;&nbsp;&nbsp;&nbsp;&nbsp; A\ndire\u00e7\u00e3o da Funda\u00e7\u00e3o destaca que todo o aprendizado e &nbsp;capacita\u00e7\u00e3o vem sempre contribuir para\naperfei\u00e7oar os servidores e consequentemente contribuir com a melhoria nos\nservi\u00e7os prestados.<\/p>\n","protected":false},"excerpt":{"rendered":"<p>Encerrada na semana passada mais uma etapa de capacita\u00e7\u00f5es que s\u00e3o ofertadas aos servidores da&#8230;<\/p>\n","protected":false},"author":11,"featured_media":13116,"comment_status":"open","ping_status":"open","sticky":false,"template":"","format":"standard","meta":{"footnotes":""},"categories":[2],"tags":[],"_links":{"self":[{"href":"https:\/\/www.fumssar.com.br\/index.php?rest_route=\/wp\/v2\/posts\/13115"}],"collection":[{"href":"https:\/\/www.fumssar.com.br\/index.php?rest_route=\/wp\/v2\/posts"}],"about":[{"href":"https:\/\/www.fumssar.com.br\/index.php?rest_route=\/wp\/v2\/types\/post"}],"author":[{"embeddable":true,"href":"https:\/\/www.fumssar.com.br\/index.php?rest_route=\/wp\/v2\/users\/11"}],"replies":[{"embeddable":true,"href":"https:\/\/www.fumssar.com.br\/index.php?rest_route=%2Fwp%2Fv2%2Fcomments&post=13115"}],"version-history":[{"count":1,"href":"https:\/\/www.fumssar.com.br\/index.php?rest_route=\/wp\/v2\/posts\/13115\/revisions"}],"predecessor-version":[{"id":13117,"href":"https:\/\/www.fumssar.com.br\/index.php?rest_route=\/wp\/v2\/posts\/13115\/revisions\/13117"}],"wp:featuredmedia":[{"embeddable":true,"href":"https:\/\/www.fumssar.com.br\/index.php?rest_route=\/wp\/v2\/media\/13116"}],"wp:attachment":[{"href":"https:\/\/www.fumssar.com.br\/index.php?rest_route=%2Fwp%2Fv2%2Fmedia&parent=13115"}],"wp:term":[{"taxonomy":"category","embeddable":true,"href":"https:\/\/www.fumssar.com.br\/index.php?rest_route=%2Fwp%2Fv2%2Fcategories&post=13115"},{"taxonomy":"post_tag","embeddable":true,"href":"https:\/\/www.fumssar.com.br\/index.php?rest_route=%2Fwp%2Fv2%2Ftags&post=13115"}],"curies":[{"name":"wp","href":"https:\/\/api.w.org\/{rel}","templated":true}]}}