{"id":13078,"date":"2019-08-12T09:30:40","date_gmt":"2019-08-12T12:30:40","guid":{"rendered":"http:\/\/www.fumssar.com.br\/?p=13078"},"modified":"2024-10-07T16:34:57","modified_gmt":"2024-10-07T19:34:57","slug":"cruz-vermelha-de-santa-rosa-recebeu-ambulancia-da-fumssar","status":"publish","type":"post","link":"https:\/\/www.fumssar.com.br\/?p=13078","title":{"rendered":"Cruz Vermelha de Santa Rosa recebeu ambul\u00e2ncia da FUMSSAR"},"content":{"rendered":"\n<p>&nbsp;&nbsp;&nbsp;&nbsp;&nbsp;&nbsp;&nbsp;&nbsp;&nbsp;&nbsp;&nbsp;&nbsp;&nbsp;&nbsp;&nbsp; A Cruz Vermelha Brasileira, filial de\nSanta Rosa recebeu uma ambul\u00e2ncia do munic\u00edpio de Santa Rosa atrav\u00e9s da\nFunda\u00e7\u00e3o Municipal de sa\u00fade-FUMSSAR como ced\u00eancia para utiliza\u00e7\u00e3o p\u00fablica.<\/p>\n\n\n\n<p>&nbsp;&nbsp;&nbsp;&nbsp;&nbsp;&nbsp;&nbsp;&nbsp;&nbsp;&nbsp;&nbsp; O ato de entrega\nfoi realizado na manh\u00e3 de sexta-feira, 09 nas depend\u00eancias da FUMSSAR. O\nve\u00edculo ser\u00e1 utilizado pela &nbsp;Cruz\nVermelha para atendimentos em eventos diversos realizados&nbsp; em Santa Rosa e nos munic\u00edpios da regi\u00e3o de\nabrang\u00eancia da ONG, bem como na ocorr\u00eancia de sinistros em que necessitem de\nsocorristas.<\/p>\n\n\n\n<p>Regis Bonmann presidente da Cruz Vermelha\nlembrou o envolvimento de toda a equipe de volunt\u00e1rios que se doam na\nrealiza\u00e7\u00e3o das a\u00e7\u00f5es. O presidente ressaltou que atualmente existem uma equipe\nmultiprofissional a disposi\u00e7\u00e3o, bem capacitada e preparada para prestar\natendimentos diversos quando necess\u00e1rios, bem como na \u00e1rea educacional\nrealizando a capacita\u00e7\u00e3o de profissionais na \u00e1rea da sa\u00fade e em empresas\ndiversas. R\u00e9gis agradeceu o Governo Municipal e A FUMSSAR pela ced\u00eancia do\nve\u00edculo que ser\u00e1 muito \u00fatil qualificando ainda mais os servi\u00e7os prestados pela\nequipe.<\/p>\n\n\n\n<p>O Presidente da FUMSSAR D\u00e9lcio Stefan ,\ndemonstrou satisfa\u00e7\u00e3o ao destinar o ve\u00edculo pois a sua utiliza\u00e7\u00e3o ir\u00e1\nbeneficiar o servi\u00e7os ofertados na \u00e1rea de sa\u00fade com profissionais capacitados\ne dispostos a servir a comunidade. Stefan disse ainda que est\u00e1 era uma\nreivindica\u00e7\u00e3o antiga e que tornou-se realidade gra\u00e7as a uni\u00e3o de esfor\u00e7os\nm\u00fatuos.<\/p>\n\n\n\n<p>O Prefeito Vicini frisou que na v\u00e9spera em que\nSanta Rosa completa seus 88 anos de emancipa\u00e7\u00e3o pol\u00edtica administrativa, a a\u00e7\u00e3o\n\u00e9 um reconhecimento pela dedica\u00e7\u00e3o de seu povo que \u00e9 solid\u00e1rio e prestativo.\nVicini destacou que a Cruz vermelha desde que est\u00e1 atuando em Santa Rosa tem\nrealizado a\u00e7\u00f5es muito positivas atrav\u00e9s de seus volunt\u00e1rios que s\u00e3o incans\u00e1veis\n<\/p>\n\n\n\n<p>&nbsp;&nbsp;&nbsp;&nbsp;&nbsp;&nbsp;&nbsp;&nbsp; A solenidade foi\nacompanhada por lideran\u00e7as civis, militares e da comunidade. <\/p>\n","protected":false},"excerpt":{"rendered":"<p>&nbsp;&nbsp;&nbsp;&nbsp;&nbsp;&nbsp;&nbsp;&nbsp;&nbsp;&nbsp;&nbsp;&nbsp;&nbsp;&nbsp;&nbsp; A Cruz Vermelha Brasileira, filial de Santa Rosa recebeu uma ambul\u00e2ncia do munic\u00edpio de&#8230;<\/p>\n","protected":false},"author":11,"featured_media":13079,"comment_status":"open","ping_status":"open","sticky":false,"template":"","format":"standard","meta":{"footnotes":""},"categories":[2],"tags":[],"_links":{"self":[{"href":"https:\/\/www.fumssar.com.br\/index.php?rest_route=\/wp\/v2\/posts\/13078"}],"collection":[{"href":"https:\/\/www.fumssar.com.br\/index.php?rest_route=\/wp\/v2\/posts"}],"about":[{"href":"https:\/\/www.fumssar.com.br\/index.php?rest_route=\/wp\/v2\/types\/post"}],"author":[{"embeddable":true,"href":"https:\/\/www.fumssar.com.br\/index.php?rest_route=\/wp\/v2\/users\/11"}],"replies":[{"embeddable":true,"href":"https:\/\/www.fumssar.com.br\/index.php?rest_route=%2Fwp%2Fv2%2Fcomments&post=13078"}],"version-history":[{"count":1,"href":"https:\/\/www.fumssar.com.br\/index.php?rest_route=\/wp\/v2\/posts\/13078\/revisions"}],"predecessor-version":[{"id":13080,"href":"https:\/\/www.fumssar.com.br\/index.php?rest_route=\/wp\/v2\/posts\/13078\/revisions\/13080"}],"wp:featuredmedia":[{"embeddable":true,"href":"https:\/\/www.fumssar.com.br\/index.php?rest_route=\/wp\/v2\/media\/13079"}],"wp:attachment":[{"href":"https:\/\/www.fumssar.com.br\/index.php?rest_route=%2Fwp%2Fv2%2Fmedia&parent=13078"}],"wp:term":[{"taxonomy":"category","embeddable":true,"href":"https:\/\/www.fumssar.com.br\/index.php?rest_route=%2Fwp%2Fv2%2Fcategories&post=13078"},{"taxonomy":"post_tag","embeddable":true,"href":"https:\/\/www.fumssar.com.br\/index.php?rest_route=%2Fwp%2Fv2%2Ftags&post=13078"}],"curies":[{"name":"wp","href":"https:\/\/api.w.org\/{rel}","templated":true}]}}