{"id":13036,"date":"2019-08-02T17:35:43","date_gmt":"2019-08-02T20:35:43","guid":{"rendered":"http:\/\/www.fumssar.com.br\/?p=13036"},"modified":"2024-10-07T16:34:57","modified_gmt":"2024-10-07T19:34:57","slug":"nova-medica-na-fumssar","status":"publish","type":"post","link":"https:\/\/www.fumssar.com.br\/?p=13036","title":{"rendered":"Nova m\u00e9dica na FUMSSAR"},"content":{"rendered":"\n<p>&nbsp;&nbsp;&nbsp;&nbsp;&nbsp;&nbsp;&nbsp;&nbsp;&nbsp;&nbsp;&nbsp;&nbsp;&nbsp;&nbsp;&nbsp;&nbsp;&nbsp;&nbsp;&nbsp;&nbsp;&nbsp;&nbsp;&nbsp;&nbsp;&nbsp;&nbsp;&nbsp;&nbsp;&nbsp;&nbsp; Na sexta-feira,\n02 assumiu vaga na FUMSSAR,&nbsp; a &nbsp;Dr\u00aa. Adriana Maria de Almeida, m\u00e9dica clinico\ngeral III. A profissional vai atender na Unidade B\u00e1sica de Sa\u00fade Planalto, uma\ndas&nbsp; uma das duas unidades que estavam\ncom falta de profissionais m\u00e9dicos na rede p\u00fablica de sa\u00fade do munic\u00edpio.\n\n&nbsp;&nbsp;&nbsp;&nbsp;&nbsp;&nbsp;&nbsp;&nbsp; Adriana tamb\u00e9m estar\u00e1 fazendo cobertura\nna Unidade da Balne\u00e1ria at\u00e9 a chegada de outro profissional que est\u00e1 prevista\npara a pr\u00f3xima semana. D\u00e9lcio Stefan presidente da FUMSSAR destacou que com\nestas duas contrata\u00e7\u00f5es a rede passar\u00e1 a ter novamente um m\u00e9dico em cada\nunidade. D\u00e9lcio deslocou-se at\u00e9&nbsp; a UBS\nPlanalto para prestigiar a acolhida da nova m\u00e9dica acompanhado do Diretor Administrativo\n&nbsp;Rog\u00e9rio Silva Santos &nbsp;e do Gerente de&nbsp;&nbsp;&nbsp;&nbsp;&nbsp;&nbsp;&nbsp;&nbsp;  Aten\u00e7\u00e3o&nbsp;&nbsp; Prim\u00e1ria&nbsp;&nbsp;&nbsp;&nbsp; Jocemar&nbsp;&nbsp;&nbsp; Gerhardt.&nbsp;&nbsp;&nbsp;&nbsp;&nbsp;&nbsp;&nbsp;&nbsp; A contrata\u00e7\u00e3o&nbsp; ser\u00e1 em car\u00e1ter tempor\u00e1rio com dura\u00e7\u00e3o. &nbsp;\n\n\n\n<\/p>\n","protected":false},"excerpt":{"rendered":"<p>&nbsp;&nbsp;&nbsp;&nbsp;&nbsp;&nbsp;&nbsp;&nbsp;&nbsp;&nbsp;&nbsp;&nbsp;&nbsp;&nbsp;&nbsp;&nbsp;&nbsp;&nbsp;&nbsp;&nbsp;&nbsp;&nbsp;&nbsp;&nbsp;&nbsp;&nbsp;&nbsp;&nbsp;&nbsp;&nbsp; Na sexta-feira, 02 assumiu vaga na FUMSSAR,&nbsp; a &nbsp;Dr\u00aa. Adriana Maria de Almeida, m\u00e9dica&#8230;<\/p>\n","protected":false},"author":11,"featured_media":13037,"comment_status":"open","ping_status":"open","sticky":false,"template":"","format":"standard","meta":{"footnotes":""},"categories":[2],"tags":[],"_links":{"self":[{"href":"https:\/\/www.fumssar.com.br\/index.php?rest_route=\/wp\/v2\/posts\/13036"}],"collection":[{"href":"https:\/\/www.fumssar.com.br\/index.php?rest_route=\/wp\/v2\/posts"}],"about":[{"href":"https:\/\/www.fumssar.com.br\/index.php?rest_route=\/wp\/v2\/types\/post"}],"author":[{"embeddable":true,"href":"https:\/\/www.fumssar.com.br\/index.php?rest_route=\/wp\/v2\/users\/11"}],"replies":[{"embeddable":true,"href":"https:\/\/www.fumssar.com.br\/index.php?rest_route=%2Fwp%2Fv2%2Fcomments&post=13036"}],"version-history":[{"count":1,"href":"https:\/\/www.fumssar.com.br\/index.php?rest_route=\/wp\/v2\/posts\/13036\/revisions"}],"predecessor-version":[{"id":13038,"href":"https:\/\/www.fumssar.com.br\/index.php?rest_route=\/wp\/v2\/posts\/13036\/revisions\/13038"}],"wp:featuredmedia":[{"embeddable":true,"href":"https:\/\/www.fumssar.com.br\/index.php?rest_route=\/wp\/v2\/media\/13037"}],"wp:attachment":[{"href":"https:\/\/www.fumssar.com.br\/index.php?rest_route=%2Fwp%2Fv2%2Fmedia&parent=13036"}],"wp:term":[{"taxonomy":"category","embeddable":true,"href":"https:\/\/www.fumssar.com.br\/index.php?rest_route=%2Fwp%2Fv2%2Fcategories&post=13036"},{"taxonomy":"post_tag","embeddable":true,"href":"https:\/\/www.fumssar.com.br\/index.php?rest_route=%2Fwp%2Fv2%2Ftags&post=13036"}],"curies":[{"name":"wp","href":"https:\/\/api.w.org\/{rel}","templated":true}]}}