{"id":13032,"date":"2019-08-01T17:14:59","date_gmt":"2019-08-01T20:14:59","guid":{"rendered":"http:\/\/www.fumssar.com.br\/?p=13032"},"modified":"2024-10-07T16:34:57","modified_gmt":"2024-10-07T19:34:57","slug":"agentes-de-endemias-receberam-capacitacao-sobre-seguranca-e-saude-no-trabalho","status":"publish","type":"post","link":"https:\/\/www.fumssar.com.br\/?p=13032","title":{"rendered":"Agentes de Endemias receberam capacita\u00e7\u00e3o sobre seguran\u00e7a e sa\u00fade no trabalho"},"content":{"rendered":"\n<p>Os empregados p\u00fablicos da\nFUMSSAR, ocupantes do cargo de Agentes de Combate de Endemias receberam uma\ncapacita\u00e7\u00e3o na ter\u00e7a-feira,30&nbsp; sobre \u201cSeguran\u00e7a\ne Sa\u00fade no Trabalho\u201d.<\/p>\n\n\n\n<p>&nbsp;&nbsp;&nbsp;&nbsp;&nbsp;&nbsp;&nbsp;&nbsp;&nbsp;&nbsp;&nbsp;&nbsp;&nbsp;&nbsp;&nbsp; O\nevento foi realizado no audit\u00f3rio do Centro Regional Especializado em Sa\u00fade do\nTrabalhador- CEREST- Fronteira Noroeste,&nbsp;\nonde foram tratados &nbsp;temas&nbsp; sobre os poss\u00edveis riscos ambientais&nbsp; que os agentes est\u00e3o expostos na realiza\u00e7\u00e3o\nde suas atividades di\u00e1rias no munic\u00edpio de Santa Rosa. &nbsp;A capacita\u00e7\u00e3o foi ministrada pelo T\u00e9cnico em\nSeguran\u00e7a do Trabalho, Marcos Silva &nbsp;que\nabordou as formas de controle e preven\u00e7\u00e3o dos referidos riscos, com destaque\npara a utiliza\u00e7\u00e3o correta dos Equipamentos de Preven\u00e7\u00e3o Individual-EPIs, que \u00e9\nregulamentado pela NR n\u00ba 06, destacando a responsabilidades do empregador e\nempregados. Marcos tamb\u00e9m orientou sobre os cuidados e a conserva\u00e7\u00e3o dos\nequipamentos.<\/p>\n","protected":false},"excerpt":{"rendered":"<p>Os empregados p\u00fablicos da FUMSSAR, ocupantes do cargo de Agentes de Combate de Endemias receberam&#8230;<\/p>\n","protected":false},"author":11,"featured_media":13033,"comment_status":"open","ping_status":"open","sticky":false,"template":"","format":"standard","meta":{"footnotes":""},"categories":[2],"tags":[],"_links":{"self":[{"href":"https:\/\/www.fumssar.com.br\/index.php?rest_route=\/wp\/v2\/posts\/13032"}],"collection":[{"href":"https:\/\/www.fumssar.com.br\/index.php?rest_route=\/wp\/v2\/posts"}],"about":[{"href":"https:\/\/www.fumssar.com.br\/index.php?rest_route=\/wp\/v2\/types\/post"}],"author":[{"embeddable":true,"href":"https:\/\/www.fumssar.com.br\/index.php?rest_route=\/wp\/v2\/users\/11"}],"replies":[{"embeddable":true,"href":"https:\/\/www.fumssar.com.br\/index.php?rest_route=%2Fwp%2Fv2%2Fcomments&post=13032"}],"version-history":[{"count":1,"href":"https:\/\/www.fumssar.com.br\/index.php?rest_route=\/wp\/v2\/posts\/13032\/revisions"}],"predecessor-version":[{"id":13034,"href":"https:\/\/www.fumssar.com.br\/index.php?rest_route=\/wp\/v2\/posts\/13032\/revisions\/13034"}],"wp:featuredmedia":[{"embeddable":true,"href":"https:\/\/www.fumssar.com.br\/index.php?rest_route=\/wp\/v2\/media\/13033"}],"wp:attachment":[{"href":"https:\/\/www.fumssar.com.br\/index.php?rest_route=%2Fwp%2Fv2%2Fmedia&parent=13032"}],"wp:term":[{"taxonomy":"category","embeddable":true,"href":"https:\/\/www.fumssar.com.br\/index.php?rest_route=%2Fwp%2Fv2%2Fcategories&post=13032"},{"taxonomy":"post_tag","embeddable":true,"href":"https:\/\/www.fumssar.com.br\/index.php?rest_route=%2Fwp%2Fv2%2Ftags&post=13032"}],"curies":[{"name":"wp","href":"https:\/\/api.w.org\/{rel}","templated":true}]}}