{"id":12998,"date":"2019-07-30T15:16:03","date_gmt":"2019-07-30T18:16:03","guid":{"rendered":"http:\/\/www.fumssar.com.br\/?p=12998"},"modified":"2024-10-07T16:34:57","modified_gmt":"2024-10-07T19:34:57","slug":"participantes-do-programa-mais-medicos-da-regiao-visitaram-a-fumssar","status":"publish","type":"post","link":"https:\/\/www.fumssar.com.br\/?p=12998","title":{"rendered":"Participantes do Programa Mais M\u00e9dicos da Regi\u00e3o visitaram a FUMSSAR"},"content":{"rendered":"\n<p>Um grupo de m\u00e9dicos participantes do \u201cPrograma Mais M\u00e9dicos\u201d,\nda Regi\u00e3o Noroeste realizaram visita \u00e0 FUMSSAR na tarde de segunda-feira, 29.<\/p>\n\n\n\n<p>&nbsp;&nbsp;&nbsp;&nbsp;&nbsp;&nbsp;&nbsp;&nbsp;&nbsp;&nbsp;&nbsp; Os\nvisitantes vieram participar de reuni\u00f5es em Santa Rosa e visitaram o N\u00facleo de\nEnsino e Pesquisa- NEP&nbsp; da FUMSSAR. O\nVice-prefeito Dr. Lu\u00eds Ant\u00f4nio Benvegn\u00fa recepcionou o grupo explanando sobre o\nfuncionamento do sistema de sa\u00fade implantado&nbsp;\nno munic\u00edpio. Logo ap\u00f3s Benvegn\u00fa conduziu os profissionais numa visita\nao Servi\u00e7o&nbsp; de Atendimento Especializado\nda FUMSSAR. D\u00e9lcio Stefan Presidente da institui\u00e7\u00e3o conduziu uma visita aos\nservi\u00e7os ofertados pelo SAE nas \u00e1reas de tele-oftalmo e espirometria.<\/p>\n\n\n\n<p>&nbsp;&nbsp;&nbsp;&nbsp;&nbsp;&nbsp;&nbsp;&nbsp;&nbsp;&nbsp;&nbsp; Benvegn\u00fa\nressaltou ao grupo que todos os servi\u00e7os ofertados pela FUMSSAR foram\nconquistados com esfor\u00e7os m\u00fatuos e, que primam sempre pela qualidade no\natendimento ao cidad\u00e3o.<\/p>\n","protected":false},"excerpt":{"rendered":"<p>Um grupo de m\u00e9dicos participantes do \u201cPrograma Mais M\u00e9dicos\u201d, da Regi\u00e3o Noroeste realizaram visita \u00e0&#8230;<\/p>\n","protected":false},"author":11,"featured_media":12999,"comment_status":"open","ping_status":"open","sticky":false,"template":"","format":"standard","meta":{"footnotes":""},"categories":[2],"tags":[],"_links":{"self":[{"href":"https:\/\/www.fumssar.com.br\/index.php?rest_route=\/wp\/v2\/posts\/12998"}],"collection":[{"href":"https:\/\/www.fumssar.com.br\/index.php?rest_route=\/wp\/v2\/posts"}],"about":[{"href":"https:\/\/www.fumssar.com.br\/index.php?rest_route=\/wp\/v2\/types\/post"}],"author":[{"embeddable":true,"href":"https:\/\/www.fumssar.com.br\/index.php?rest_route=\/wp\/v2\/users\/11"}],"replies":[{"embeddable":true,"href":"https:\/\/www.fumssar.com.br\/index.php?rest_route=%2Fwp%2Fv2%2Fcomments&post=12998"}],"version-history":[{"count":1,"href":"https:\/\/www.fumssar.com.br\/index.php?rest_route=\/wp\/v2\/posts\/12998\/revisions"}],"predecessor-version":[{"id":13000,"href":"https:\/\/www.fumssar.com.br\/index.php?rest_route=\/wp\/v2\/posts\/12998\/revisions\/13000"}],"wp:featuredmedia":[{"embeddable":true,"href":"https:\/\/www.fumssar.com.br\/index.php?rest_route=\/wp\/v2\/media\/12999"}],"wp:attachment":[{"href":"https:\/\/www.fumssar.com.br\/index.php?rest_route=%2Fwp%2Fv2%2Fmedia&parent=12998"}],"wp:term":[{"taxonomy":"category","embeddable":true,"href":"https:\/\/www.fumssar.com.br\/index.php?rest_route=%2Fwp%2Fv2%2Fcategories&post=12998"},{"taxonomy":"post_tag","embeddable":true,"href":"https:\/\/www.fumssar.com.br\/index.php?rest_route=%2Fwp%2Fv2%2Ftags&post=12998"}],"curies":[{"name":"wp","href":"https:\/\/api.w.org\/{rel}","templated":true}]}}