{"id":12982,"date":"2019-07-25T16:39:28","date_gmt":"2019-07-25T19:39:28","guid":{"rendered":"http:\/\/www.fumssar.com.br\/?p=12982"},"modified":"2024-10-07T16:34:57","modified_gmt":"2024-10-07T19:34:57","slug":"profissionais-de-saude-da-fumssar-participaram-de-evento-de-educacao-permanente","status":"publish","type":"post","link":"https:\/\/www.fumssar.com.br\/?p=12982","title":{"rendered":"Profissionais de Sa\u00fade da FUMSSAR participaram de evento de educa\u00e7\u00e3o permanente"},"content":{"rendered":"\n<p>Na tarde do dia 09 de julho aconteceu no\nN\u00facleo de Ensino e Pesquisa (NEP) da FUMSSAR, a reuni\u00e3o de campo\nmultiprofissional que re\u00fane todos os profissionais de n\u00edvel superior da\ninstitui\u00e7\u00e3o e coordenadores de Unidades B\u00e1sicas de Sa\u00fade do munic\u00edpio. Nesta tarde\nde educa\u00e7\u00e3o permanente em sa\u00fade foram abordados temas de relev\u00e2ncia para os\ntrabalhadores, como Cultura de Seguran\u00e7a do Paciente, Linha de Cuidado de Sa\u00fade\nda Crian\u00e7a e do Adolescente e atividades da Resid\u00eancia Multiprofissional em\nSa\u00fade da Fam\u00edlia. A palestra \u201cCultura de seguran\u00e7a do paciente na perspectiva\nda equipe multiprofissional atuante na Aten\u00e7\u00e3o Prim\u00e1ria a Sa\u00fade\u201d foi ministrada\npela enfermeira mestre Sandra Dal Pai que apresentou os dados coletados na\nFUMSSAR para sua disserta\u00e7\u00e3o. <\/p>\n\n\n\n<p>&nbsp;&nbsp;&nbsp;&nbsp;&nbsp;&nbsp;&nbsp;&nbsp;&nbsp;&nbsp;&nbsp; O objetivo era avaliar\na cultura de seguran\u00e7a do paciente na APS pelo olhar da equipe\nmultiprofissional que nela atua, identificar as caracter\u00edsticas&nbsp; s\u00f3cio demogr\u00e1ficas e laborais dos\nprofissionais atuantes na APS, e identificar as recomenda\u00e7\u00f5es dos profissionais\nde sa\u00fade a respeito da seguran\u00e7a e qualidade assistencial no local em que\natuam. Momento de grande valia onde a pesquisa acad\u00eamica e a realidade de sa\u00fade\nlocal se integram e avaliam a atua\u00e7\u00e3o sobre seguran\u00e7a do paciente na APS. A\nenfermeira Sandra Dal Pai disse que foi muito gratificante poder dar a\ndevolutiva e mostrar pontos positivos dos resultados da pesquisa. Ressalta\nainda que a oportunidade tamb\u00e9m serviu para agradecer o servi\u00e7o e aos\nprofissionais que aceitaram participar da pesquisa.<\/p>\n\n\n\n<p>&nbsp;&nbsp;&nbsp;&nbsp;&nbsp;&nbsp;&nbsp;&nbsp; O Presidente da\ninstitui\u00e7\u00e3o D\u00e9lcio Stefan prestigiou o evento destacando a import\u00e2ncia dos\ntemas abordados que contribuem ainda mais com a qualifica\u00e7\u00e3o dos servidores e\nconsequentemente com o atendimento na rede como um todo.<\/p>\n","protected":false},"excerpt":{"rendered":"<p>Na tarde do dia 09 de julho aconteceu no N\u00facleo de Ensino e Pesquisa (NEP)&#8230;<\/p>\n","protected":false},"author":11,"featured_media":12983,"comment_status":"open","ping_status":"open","sticky":false,"template":"","format":"standard","meta":{"footnotes":""},"categories":[2],"tags":[],"_links":{"self":[{"href":"https:\/\/www.fumssar.com.br\/index.php?rest_route=\/wp\/v2\/posts\/12982"}],"collection":[{"href":"https:\/\/www.fumssar.com.br\/index.php?rest_route=\/wp\/v2\/posts"}],"about":[{"href":"https:\/\/www.fumssar.com.br\/index.php?rest_route=\/wp\/v2\/types\/post"}],"author":[{"embeddable":true,"href":"https:\/\/www.fumssar.com.br\/index.php?rest_route=\/wp\/v2\/users\/11"}],"replies":[{"embeddable":true,"href":"https:\/\/www.fumssar.com.br\/index.php?rest_route=%2Fwp%2Fv2%2Fcomments&post=12982"}],"version-history":[{"count":1,"href":"https:\/\/www.fumssar.com.br\/index.php?rest_route=\/wp\/v2\/posts\/12982\/revisions"}],"predecessor-version":[{"id":12984,"href":"https:\/\/www.fumssar.com.br\/index.php?rest_route=\/wp\/v2\/posts\/12982\/revisions\/12984"}],"wp:featuredmedia":[{"embeddable":true,"href":"https:\/\/www.fumssar.com.br\/index.php?rest_route=\/wp\/v2\/media\/12983"}],"wp:attachment":[{"href":"https:\/\/www.fumssar.com.br\/index.php?rest_route=%2Fwp%2Fv2%2Fmedia&parent=12982"}],"wp:term":[{"taxonomy":"category","embeddable":true,"href":"https:\/\/www.fumssar.com.br\/index.php?rest_route=%2Fwp%2Fv2%2Fcategories&post=12982"},{"taxonomy":"post_tag","embeddable":true,"href":"https:\/\/www.fumssar.com.br\/index.php?rest_route=%2Fwp%2Fv2%2Ftags&post=12982"}],"curies":[{"name":"wp","href":"https:\/\/api.w.org\/{rel}","templated":true}]}}