{"id":12966,"date":"2019-07-24T10:19:31","date_gmt":"2019-07-24T13:19:31","guid":{"rendered":"http:\/\/www.fumssar.com.br\/?p=12966"},"modified":"2024-10-07T16:34:57","modified_gmt":"2024-10-07T19:34:57","slug":"santa-rosa-esteve-representada-no-congresso-do-conasems","status":"publish","type":"post","link":"https:\/\/www.fumssar.com.br\/?p=12966","title":{"rendered":"Santa Rosa esteve representada no Congresso do CONASEMS"},"content":{"rendered":"\n<p>Foi realizado\nem Bras\u00edlia o XXXV Congresso Nacional de Secretarias Municipais de Sa\u00fade\nde&nbsp; 2 a 5 de julho, no Ulysses Centro de\nConven\u00e7\u00f5es. Tendo como tema &#8220;Di\u00e1logos no Cotidiano do SUS&#8221;, o Congresso\ndo CONASEMS &nbsp;contou com mais de 5 mil &nbsp;participantes. Os congressistas foram&nbsp; representantes de diversos segmentos tais\ncomo: gestores municipais de sa\u00fade, trabalhadores do SUS, e de todas as esferas\nde governo, bem como representantes de entidades da \u00e1rea da sa\u00fade. O Diretor de\nGest\u00e3o Estrat\u00e9gica e Participativa da Funda\u00e7\u00e3o Municipal de Sa\u00fade, Ademir Rosa\nrepresentou a FUMSSAR no evento.<\/p>\n\n\n\n<p>&nbsp;&nbsp;&nbsp;&nbsp;&nbsp;&nbsp;&nbsp;&nbsp;&nbsp;&nbsp;&nbsp;&nbsp;&nbsp;&nbsp;&nbsp;&nbsp; &nbsp;A programa\u00e7\u00e3o incluiu uma s\u00e9rie de palestras e\ndiversas apresenta\u00e7\u00f5es de mostras de experi\u00eancias de sucesso de todas as\nregi\u00f5es do pa\u00eds. Entre a programa\u00e7\u00e3o de palestras, se destacou a reuni\u00e3o com a\nBancada da Sa\u00fade da C\u00e2mara, com a presen\u00e7a de v\u00e1rios deputados, senadores e\nrepresentantes da Sa\u00fade e da Seguridade Social.&nbsp;\nNesta reuni\u00e3o foram abordados v\u00e1rios temas, como a import\u00e2ncia do SUS,\nas melhorias proporcionadas nestes 31 anos de sistema, apesar de todas as\ndificuldades. O presidente do CONASEMS, Sr. Mauro, salientou a import\u00e2ncia do\nSUS, dizendo que o atual Presidente da Rep\u00fablica, usou o SAMU e o hospital\np\u00fablico e, foi salvo pelo SUS e somente ap\u00f3s 2 dias, quando &nbsp;houve a estabiliza\u00e7\u00e3o de sua sa\u00fade, Ele foi\npara um hospital privado. A bancada se comprometeu com os secret\u00e1rios que ir\u00e3o\ntrabalhar para flexibilizar a PEC 95. <\/p>\n\n\n\n<p>Tamb\u00e9m em\ndecorr\u00eancia da viagem o Diretor Ademir Rosa, teve v\u00e1rios compromissos agendados\nnos minist\u00e9rios, como uma reuni\u00e3o com o Sr. Paulo Nakamura na Secretaria de\nInfraestrutura do Minist\u00e9rio da Cidadania e Desenvolvimento Social, onde buscou\nalinhamentos e entendimento do Projeto Esta\u00e7\u00e3o Cidadania. \u201cApresentei a nossa\nideia e avaliamos a possibilidade de inclus\u00e3o das nossas necessidades no\nprojeto padr\u00e3o. As ideias foram aceitas. O pr\u00f3ximo passo \u00e9 avaliar um projeto\nexecutivo, adequar a nossa demanda e fazer uma an\u00e1lise de custos de manuten\u00e7\u00e3o\ndesta estrutura (m\u00e3o de obra, servi\u00e7os e a pr\u00f3pria manuten\u00e7\u00e3o predial, etc)\u201d. Tamb\u00e9m\nfoi entregue of\u00edcios para Chefe de Gabinete do Ministro Osmar Terra, Sr.\nCl\u00e1udio Franke, onde foi solicitado recursos para custeio da Aten\u00e7\u00e3o B\u00e1sica e para\ncirurgias eletivas. \u201cO Chefe de gabinete se comprometeu em levar em m\u00e3os para o\nMinistro Osmar, que naquele momento estava em viagem. Tamb\u00e9m conversamos sobre\nos deputados da regi\u00e3o que est\u00e3o apoiando o governo e que podem ainda\ndirecionar emendas parlamentares\u201d. <\/p>\n","protected":false},"excerpt":{"rendered":"<p>Foi realizado em Bras\u00edlia o XXXV Congresso Nacional de Secretarias Municipais de Sa\u00fade de&nbsp; 2&#8230;<\/p>\n","protected":false},"author":11,"featured_media":12967,"comment_status":"open","ping_status":"open","sticky":false,"template":"","format":"standard","meta":{"footnotes":""},"categories":[2],"tags":[],"_links":{"self":[{"href":"https:\/\/www.fumssar.com.br\/index.php?rest_route=\/wp\/v2\/posts\/12966"}],"collection":[{"href":"https:\/\/www.fumssar.com.br\/index.php?rest_route=\/wp\/v2\/posts"}],"about":[{"href":"https:\/\/www.fumssar.com.br\/index.php?rest_route=\/wp\/v2\/types\/post"}],"author":[{"embeddable":true,"href":"https:\/\/www.fumssar.com.br\/index.php?rest_route=\/wp\/v2\/users\/11"}],"replies":[{"embeddable":true,"href":"https:\/\/www.fumssar.com.br\/index.php?rest_route=%2Fwp%2Fv2%2Fcomments&post=12966"}],"version-history":[{"count":1,"href":"https:\/\/www.fumssar.com.br\/index.php?rest_route=\/wp\/v2\/posts\/12966\/revisions"}],"predecessor-version":[{"id":12968,"href":"https:\/\/www.fumssar.com.br\/index.php?rest_route=\/wp\/v2\/posts\/12966\/revisions\/12968"}],"wp:featuredmedia":[{"embeddable":true,"href":"https:\/\/www.fumssar.com.br\/index.php?rest_route=\/wp\/v2\/media\/12967"}],"wp:attachment":[{"href":"https:\/\/www.fumssar.com.br\/index.php?rest_route=%2Fwp%2Fv2%2Fmedia&parent=12966"}],"wp:term":[{"taxonomy":"category","embeddable":true,"href":"https:\/\/www.fumssar.com.br\/index.php?rest_route=%2Fwp%2Fv2%2Fcategories&post=12966"},{"taxonomy":"post_tag","embeddable":true,"href":"https:\/\/www.fumssar.com.br\/index.php?rest_route=%2Fwp%2Fv2%2Ftags&post=12966"}],"curies":[{"name":"wp","href":"https:\/\/api.w.org\/{rel}","templated":true}]}}