{"id":12962,"date":"2019-07-24T10:16:41","date_gmt":"2019-07-24T13:16:41","guid":{"rendered":"http:\/\/www.fumssar.com.br\/?p=12962"},"modified":"2024-10-07T16:34:57","modified_gmt":"2024-10-07T19:34:57","slug":"colegiado-do-nep-da-fumssar-realizou-reuniao-de-planejamento","status":"publish","type":"post","link":"https:\/\/www.fumssar.com.br\/?p=12962","title":{"rendered":"Colegiado do NEP da FUMSSAR realizou reuni\u00e3o de planejamento"},"content":{"rendered":"\n<p>Na tarde de segunda-feira, 22,membros do\ncolegiado do N\u00facleo de Ensino e Pesquisa (NEP) da FUMSSAR&nbsp; com o presidente D\u00e9lcio Stefan para\nplanejamento de a\u00e7\u00f5es de educa\u00e7\u00e3o permanente em sa\u00fade para os trabalhadores da\nFUMSSAR. <\/p>\n\n\n\n<p>O N\u00facleo de Ensino e Pesquisa foi criado em\n2010 com objetivo de concentrar as atividades cientificas, organizando,\nestimulando e acompanhando essas atividades no servi\u00e7o de sa\u00fade. Atualmente\nfazem parte do NEP a Resid\u00eancia Multiprofissional em Sa\u00fade da Fam\u00edlia,\nResid\u00eancia M\u00e9dica em Sa\u00fade da Fam\u00edlia e Comunidade, Comiss\u00e3o Cient\u00edfica,\nComiss\u00e3o de Est\u00e1gios Institucionais, Comiss\u00e3o de Farm\u00e1cia e Terap\u00eautica, Comiss\u00e3o\nda Gest\u00e3o do Cuidado, Comiss\u00e3o de Boletim Epidemiol\u00f3gico e Boletim Informativo\ne Comit\u00ea de Preven\u00e7\u00e3o ao Suic\u00eddio. Segundo a coordenadora do NEP &#8211; Fl\u00e1via\nAlbuquerque, psic\u00f3loga na FUMSSAR \u2013 um dos pilares de sustenta\u00e7\u00e3o do SUS \u00e9 a\nforma\u00e7\u00e3o de seus trabalhadores, portanto a Educa\u00e7\u00e3o Permanente em Sa\u00fade \u00e9 uma\nestrat\u00e9gia de forma\u00e7\u00e3o e desenvolvimento desses trabalhadores. Nesse sentido, \u00e9\npreciso construir espa\u00e7os de produ\u00e7\u00e3o e aplica\u00e7\u00e3o de saberes &nbsp;destinados ao desenvolvimento dos\ntrabalhadores da sa\u00fade, ao estudo das condi\u00e7\u00f5es sa\u00fade\/doen\u00e7a, dados\nepidemiol\u00f3gicos, processos de trabalho e linhas de cuidado que norteiam o\ncuidado em sa\u00fade no munic\u00edpio de Santa Rosa.<\/p>\n\n\n\n<p>D\u00e9lcio Stefan frisou que o NEP tem tido uma\nparticipa\u00e7\u00e3o na constru\u00e7\u00e3o do sistema de sa\u00fade p\u00fablica do munic\u00edpio, quanto a\nforma\u00e7\u00e3o de profissionais bem como no empreendimento das quest\u00f5es de pesquisas\ncientificas. <\/p>\n","protected":false},"excerpt":{"rendered":"<p>Na tarde de segunda-feira, 22,membros do colegiado do N\u00facleo de Ensino e Pesquisa (NEP) da&#8230;<\/p>\n","protected":false},"author":11,"featured_media":12963,"comment_status":"open","ping_status":"open","sticky":false,"template":"","format":"standard","meta":{"footnotes":""},"categories":[2],"tags":[],"_links":{"self":[{"href":"https:\/\/www.fumssar.com.br\/index.php?rest_route=\/wp\/v2\/posts\/12962"}],"collection":[{"href":"https:\/\/www.fumssar.com.br\/index.php?rest_route=\/wp\/v2\/posts"}],"about":[{"href":"https:\/\/www.fumssar.com.br\/index.php?rest_route=\/wp\/v2\/types\/post"}],"author":[{"embeddable":true,"href":"https:\/\/www.fumssar.com.br\/index.php?rest_route=\/wp\/v2\/users\/11"}],"replies":[{"embeddable":true,"href":"https:\/\/www.fumssar.com.br\/index.php?rest_route=%2Fwp%2Fv2%2Fcomments&post=12962"}],"version-history":[{"count":1,"href":"https:\/\/www.fumssar.com.br\/index.php?rest_route=\/wp\/v2\/posts\/12962\/revisions"}],"predecessor-version":[{"id":12964,"href":"https:\/\/www.fumssar.com.br\/index.php?rest_route=\/wp\/v2\/posts\/12962\/revisions\/12964"}],"wp:featuredmedia":[{"embeddable":true,"href":"https:\/\/www.fumssar.com.br\/index.php?rest_route=\/wp\/v2\/media\/12963"}],"wp:attachment":[{"href":"https:\/\/www.fumssar.com.br\/index.php?rest_route=%2Fwp%2Fv2%2Fmedia&parent=12962"}],"wp:term":[{"taxonomy":"category","embeddable":true,"href":"https:\/\/www.fumssar.com.br\/index.php?rest_route=%2Fwp%2Fv2%2Fcategories&post=12962"},{"taxonomy":"post_tag","embeddable":true,"href":"https:\/\/www.fumssar.com.br\/index.php?rest_route=%2Fwp%2Fv2%2Ftags&post=12962"}],"curies":[{"name":"wp","href":"https:\/\/api.w.org\/{rel}","templated":true}]}}