{"id":12922,"date":"2019-07-10T09:03:50","date_gmt":"2019-07-10T11:03:50","guid":{"rendered":"http:\/\/www.fumssar.com.br\/?p=12922"},"modified":"2019-07-10T09:03:51","modified_gmt":"2019-07-10T11:03:51","slug":"edital-de-convocacao-05-2019","status":"publish","type":"post","link":"https:\/\/www.fumssar.com.br\/?p=12922","title":{"rendered":"EDITAL DE CONVOCA\u00c7\u00c3O 05\/2019"},"content":{"rendered":"\n<div class=\"wp-block-file\"><a href=\"http:\/\/www.fumssar.com.br\/wp-content\/uploads\/2019\/07\/Edital-de-convoca\u00e7\u00e3o-05.2019.doc\">Edital-de-convoca\u00e7\u00e3o-05.2019<\/a><a href=\"http:\/\/www.fumssar.com.br\/wp-content\/uploads\/2019\/07\/Edital-de-convoca\u00e7\u00e3o-05.2019.doc\" class=\"wp-block-file__button\" download>Baixar<\/a><\/div>\n\n\n\n<h2 class=\"wp-block-heading\"><\/h2>\n\n\n\n<p style=\"text-align:center\"><strong>EDITAL DE CONVOCA\u00c7\u00c3O N\u00ba 05\/2019<\/strong><\/p>\n\n\n\n<p style=\"text-align:left\"><strong>O Presidente da Funda\u00e7\u00e3o\nMunicipal de Sa\u00fade de Santa Rosa, <\/strong>no uso de suas atribui\u00e7\u00f5es legais<strong> comunica<\/strong> que dever\u00e1 (\u00e3o) comparecer na\nFunda\u00e7\u00e3o Municipal da Sa\u00fade, sito \u00e0 Rua Dr. Francisco Timm, n\u00ba 480, para\nassumir vaga (s) para provimento (s) de cargo(s), devido ao pedido de\nexonera\u00e7\u00e3o do T\u00e9cnico de Enfermagem, conforme segue abaixo. Informa ainda que\nse o (os) candidato(s) <strong>n\u00e3o se<\/strong> <strong>apresentar\n(em) no prazo m\u00e1ximo de 15 (quinze) dias ap\u00f3s esta publica\u00e7\u00e3o, ser\u00e1 (\u00e3o)\nconsiderado (s) desistente (s) tacitamente.<\/strong><\/p>\n\n\n\n<p style=\"text-align:left\"><strong>Concurso P\u00fablico n\u00ba 01\/2015<\/strong><\/p>\n\n\n\n<p style=\"text-align:left\">T\u00c9CNICO DE ENFERMAGEM<\/p>\n\n\n\n<p>\u00c2NGELA TERESINHA TAMINSKY (7\u00aa coloca\u00e7\u00e3o)<\/p>\n\n\n\n<p>PRESIDENTE DA FUNDA\u00c7\u00c3O MUNICIPAL\nDE SA\u00daDE DE SANTA ROSA, 10 DE JULHO DE 2019.<\/p>\n\n\n\n<p>D\u00c9LCIO STEFAN<\/p>\n\n\n\n<p>Presidente da FUMSSAR <\/p>\n\n\n\n<p>ROG\u00c9RIO SILVA DOS SANTOS <\/p>\n\n\n\n<p>Diretor de Gest\u00e3o Administrativa <\/p>\n\n\n\n<p><\/p>\n","protected":false},"excerpt":{"rendered":"<p>EDITAL DE CONVOCA\u00c7\u00c3O N\u00ba 05\/2019 O Presidente da Funda\u00e7\u00e3o Municipal de Sa\u00fade de Santa Rosa,&#8230;<\/p>\n","protected":false},"author":24,"featured_media":0,"comment_status":"open","ping_status":"open","sticky":false,"template":"","format":"standard","meta":{"footnotes":""},"categories":[1],"tags":[],"_links":{"self":[{"href":"https:\/\/www.fumssar.com.br\/index.php?rest_route=\/wp\/v2\/posts\/12922"}],"collection":[{"href":"https:\/\/www.fumssar.com.br\/index.php?rest_route=\/wp\/v2\/posts"}],"about":[{"href":"https:\/\/www.fumssar.com.br\/index.php?rest_route=\/wp\/v2\/types\/post"}],"author":[{"embeddable":true,"href":"https:\/\/www.fumssar.com.br\/index.php?rest_route=\/wp\/v2\/users\/24"}],"replies":[{"embeddable":true,"href":"https:\/\/www.fumssar.com.br\/index.php?rest_route=%2Fwp%2Fv2%2Fcomments&post=12922"}],"version-history":[{"count":2,"href":"https:\/\/www.fumssar.com.br\/index.php?rest_route=\/wp\/v2\/posts\/12922\/revisions"}],"predecessor-version":[{"id":12925,"href":"https:\/\/www.fumssar.com.br\/index.php?rest_route=\/wp\/v2\/posts\/12922\/revisions\/12925"}],"wp:attachment":[{"href":"https:\/\/www.fumssar.com.br\/index.php?rest_route=%2Fwp%2Fv2%2Fmedia&parent=12922"}],"wp:term":[{"taxonomy":"category","embeddable":true,"href":"https:\/\/www.fumssar.com.br\/index.php?rest_route=%2Fwp%2Fv2%2Fcategories&post=12922"},{"taxonomy":"post_tag","embeddable":true,"href":"https:\/\/www.fumssar.com.br\/index.php?rest_route=%2Fwp%2Fv2%2Ftags&post=12922"}],"curies":[{"name":"wp","href":"https:\/\/api.w.org\/{rel}","templated":true}]}}