{"id":12912,"date":"2019-07-08T18:00:15","date_gmt":"2019-07-08T20:00:15","guid":{"rendered":"http:\/\/www.fumssar.com.br\/?p=12912"},"modified":"2024-10-07T16:34:58","modified_gmt":"2024-10-07T19:34:58","slug":"cooperativas-de-santa-rosa-comemoram-dia-c-dia-de-cooperar-incentivando-a-doacao-de-sangue","status":"publish","type":"post","link":"https:\/\/www.fumssar.com.br\/?p=12912","title":{"rendered":"Cooperativas de Santa Rosa comemoram Dia C- Dia de Cooperar incentivando a doa\u00e7\u00e3o de sangue"},"content":{"rendered":"\n<p>O primeiro s\u00e1bado do m\u00eas de julho, foi a data institu\u00edda pela\nAlian\u00e7a Cooperativa Internacional-ACI, em 1994 para comemorar o \u201cDia\nInternacional do Cooperativismo\u201d, em mais de cem pa\u00edses&nbsp; no mundo.&nbsp;\nA data serve como&nbsp; momento de\nconfraternizar&nbsp; e para desenvolver\na\u00e7\u00f5es&nbsp; de voluntariado&nbsp; e coopera\u00e7\u00e3o com as comunidades onde atuam.<\/p>\n\n\n\n<p>&nbsp;&nbsp;&nbsp;&nbsp;&nbsp;&nbsp;&nbsp;&nbsp;&nbsp;&nbsp;&nbsp; Em Santa\nRosa entre tantas atividades das entidades para comemorar a data, a doa\u00e7\u00e3o de\nsangue foi uma das a\u00e7\u00f5es escolhidas. Esta semana colaboradores de Cooperativas agendaram\njunto ao HEMOCENTRO Regional de Santa Rosa da FUMSSAR hor\u00e1rios o comparecimento\nde colaboradores e associados. Na quarta-feira,03 &nbsp;integrantes do SICREDI e da COPERMIL\nrealizaram a doa\u00e7\u00e3o de sangue bem como durante a semana membros da UNICRED e da\nCRESOL tamb\u00e9m promoveram o mesmo ato. Na pr\u00f3xima semana j\u00e1 est\u00e3o agendadas as\npresen\u00e7as de integrantes da COOTRIROSA, COOPERCONC\u00d3RDIA, COOPERLUZ&nbsp; e outras. <\/p>\n\n\n\n<p>&nbsp;&nbsp;&nbsp;&nbsp;&nbsp;&nbsp;&nbsp;&nbsp;&nbsp;&nbsp;&nbsp; Segundo o\ngerente da ag\u00eancia do SICREDI da Pra\u00e7a da Independ\u00eancia de Santa Rosa, Valmir\nBamberg a doa\u00e7\u00e3o de sangue&nbsp; \u00e9 uma causa\nnobre e que pode salvar vidas, e a institui\u00e7\u00e3o est\u00e1 incentivando entre seus\ncolaboradores e associados o ato de doar.<\/p>\n\n\n\n<p>&nbsp;&nbsp;&nbsp;&nbsp;&nbsp;&nbsp;&nbsp;&nbsp;&nbsp;&nbsp;&nbsp; O Presidente\nda FUMSSAR, D\u00e9lcio Stefan prestigiou grupos que compareceram ao HEMOCENTRO,\nagradecendo o apoio&nbsp; e o incentivo das\ninstitui\u00e7\u00f5es.<\/p>\n","protected":false},"excerpt":{"rendered":"<p>O primeiro s\u00e1bado do m\u00eas de julho, foi a data institu\u00edda pela Alian\u00e7a Cooperativa Internacional-ACI,&#8230;<\/p>\n","protected":false},"author":11,"featured_media":12914,"comment_status":"open","ping_status":"open","sticky":false,"template":"","format":"standard","meta":{"footnotes":""},"categories":[2],"tags":[],"_links":{"self":[{"href":"https:\/\/www.fumssar.com.br\/index.php?rest_route=\/wp\/v2\/posts\/12912"}],"collection":[{"href":"https:\/\/www.fumssar.com.br\/index.php?rest_route=\/wp\/v2\/posts"}],"about":[{"href":"https:\/\/www.fumssar.com.br\/index.php?rest_route=\/wp\/v2\/types\/post"}],"author":[{"embeddable":true,"href":"https:\/\/www.fumssar.com.br\/index.php?rest_route=\/wp\/v2\/users\/11"}],"replies":[{"embeddable":true,"href":"https:\/\/www.fumssar.com.br\/index.php?rest_route=%2Fwp%2Fv2%2Fcomments&post=12912"}],"version-history":[{"count":1,"href":"https:\/\/www.fumssar.com.br\/index.php?rest_route=\/wp\/v2\/posts\/12912\/revisions"}],"predecessor-version":[{"id":12915,"href":"https:\/\/www.fumssar.com.br\/index.php?rest_route=\/wp\/v2\/posts\/12912\/revisions\/12915"}],"wp:featuredmedia":[{"embeddable":true,"href":"https:\/\/www.fumssar.com.br\/index.php?rest_route=\/wp\/v2\/media\/12914"}],"wp:attachment":[{"href":"https:\/\/www.fumssar.com.br\/index.php?rest_route=%2Fwp%2Fv2%2Fmedia&parent=12912"}],"wp:term":[{"taxonomy":"category","embeddable":true,"href":"https:\/\/www.fumssar.com.br\/index.php?rest_route=%2Fwp%2Fv2%2Fcategories&post=12912"},{"taxonomy":"post_tag","embeddable":true,"href":"https:\/\/www.fumssar.com.br\/index.php?rest_route=%2Fwp%2Fv2%2Ftags&post=12912"}],"curies":[{"name":"wp","href":"https:\/\/api.w.org\/{rel}","templated":true}]}}