{"id":12909,"date":"2019-07-08T17:53:39","date_gmt":"2019-07-08T19:53:39","guid":{"rendered":"http:\/\/www.fumssar.com.br\/?p=12909"},"modified":"2024-10-07T16:34:58","modified_gmt":"2024-10-07T19:34:58","slug":"integrantes-da-direcao-da-fumssar-estiveram-reunidos-com-vereadores","status":"publish","type":"post","link":"https:\/\/www.fumssar.com.br\/?p=12909","title":{"rendered":"Integrantes da Dire\u00e7\u00e3o da FUMSSAR estiveram reunidos com Vereadores"},"content":{"rendered":"\n<p>Integrantes da Funda\u00e7\u00e3o Municipal de Sa\u00fade de Santa Rosa-FUMSSAR,\nparticiparam de reuni\u00e3o na C\u00e2mara de Vereadores na manh\u00e3 de segunda-feira, 08.<\/p>\n\n\n\n<p>&nbsp; &nbsp;&nbsp;&nbsp;&nbsp;&nbsp;&nbsp;&nbsp;&nbsp;&nbsp; Na oportunidade, o presidente D\u00e9lcio Stefan\ne o diretor de Gest\u00e3o Administrativa, Rog\u00e9rio Silva Santos &nbsp;da FUMSSAR, estiveram explanando aos\nVereadores sobre mat\u00e9rias de interesse da institui\u00e7\u00e3o bem como da coletividade que\ntramitam no Poder Legislativo. <\/p>\n\n\n\n<p>&nbsp;&nbsp;&nbsp;&nbsp;&nbsp;&nbsp;&nbsp;&nbsp;&nbsp;&nbsp;&nbsp; O presidente\nD\u00e9lcio Stefan destacou import\u00e2ncia do encontro, pois foi um momento de prestar\nesclarecimentos aos Vereadores &nbsp;sobre as\nmat\u00e9rias que ir\u00e3o ser discutidas e votadas pelos Parlamentares.<\/p>\n","protected":false},"excerpt":{"rendered":"<p>Integrantes da Funda\u00e7\u00e3o Municipal de Sa\u00fade de Santa Rosa-FUMSSAR, participaram de reuni\u00e3o na C\u00e2mara de&#8230;<\/p>\n","protected":false},"author":11,"featured_media":12910,"comment_status":"open","ping_status":"open","sticky":false,"template":"","format":"standard","meta":{"footnotes":""},"categories":[2],"tags":[],"_links":{"self":[{"href":"https:\/\/www.fumssar.com.br\/index.php?rest_route=\/wp\/v2\/posts\/12909"}],"collection":[{"href":"https:\/\/www.fumssar.com.br\/index.php?rest_route=\/wp\/v2\/posts"}],"about":[{"href":"https:\/\/www.fumssar.com.br\/index.php?rest_route=\/wp\/v2\/types\/post"}],"author":[{"embeddable":true,"href":"https:\/\/www.fumssar.com.br\/index.php?rest_route=\/wp\/v2\/users\/11"}],"replies":[{"embeddable":true,"href":"https:\/\/www.fumssar.com.br\/index.php?rest_route=%2Fwp%2Fv2%2Fcomments&post=12909"}],"version-history":[{"count":1,"href":"https:\/\/www.fumssar.com.br\/index.php?rest_route=\/wp\/v2\/posts\/12909\/revisions"}],"predecessor-version":[{"id":12911,"href":"https:\/\/www.fumssar.com.br\/index.php?rest_route=\/wp\/v2\/posts\/12909\/revisions\/12911"}],"wp:featuredmedia":[{"embeddable":true,"href":"https:\/\/www.fumssar.com.br\/index.php?rest_route=\/wp\/v2\/media\/12910"}],"wp:attachment":[{"href":"https:\/\/www.fumssar.com.br\/index.php?rest_route=%2Fwp%2Fv2%2Fmedia&parent=12909"}],"wp:term":[{"taxonomy":"category","embeddable":true,"href":"https:\/\/www.fumssar.com.br\/index.php?rest_route=%2Fwp%2Fv2%2Fcategories&post=12909"},{"taxonomy":"post_tag","embeddable":true,"href":"https:\/\/www.fumssar.com.br\/index.php?rest_route=%2Fwp%2Fv2%2Ftags&post=12909"}],"curies":[{"name":"wp","href":"https:\/\/api.w.org\/{rel}","templated":true}]}}