{"id":12905,"date":"2019-07-06T08:00:35","date_gmt":"2019-07-06T10:00:35","guid":{"rendered":"http:\/\/www.fumssar.com.br\/?p=12905"},"modified":"2019-07-05T16:53:56","modified_gmt":"2019-07-05T18:53:56","slug":"edital-04-2019-edital-de-convocacao","status":"publish","type":"post","link":"https:\/\/www.fumssar.com.br\/?p=12905","title":{"rendered":"EDITAL 04\/2019 &#8211; EDITAL DE CONVOCA\u00c7\u00c3O"},"content":{"rendered":"\n<div class=\"wp-block-file\"><a href=\"http:\/\/www.fumssar.com.br\/wp-content\/uploads\/2019\/07\/Edital-4-1.docx\">Edital-4-1<\/a><a href=\"http:\/\/www.fumssar.com.br\/wp-content\/uploads\/2019\/07\/Edital-4-1.docx\" class=\"wp-block-file__button\" download>Baixar<\/a><\/div>\n\n\n\n<h2 class=\"wp-block-heading\"><\/h2>\n\n\n\n<p style=\"text-align:center\"><strong>EDITAL DE CONVOCA\u00c7\u00c3O N\u00ba 04\/2019<\/strong><\/p>\n\n\n\n<p style=\"text-align:center\"><strong>O Presidente\nda Funda\u00e7\u00e3o Municipal de Sa\u00fade de Santa Rosa<\/strong> comunica que dever\u00e1 comparecer na Funda\u00e7\u00e3o Municipal da Sa\u00fade, sito \u00e0\nRua Dr. Francisco Timm, n\u00ba 480, para assumir a vaga para provimento tempor\u00e1rio\ndo cargo, conforme Lei Complementar n.\u00ba 37, de 21 de novembro de 2007, Lei\nComplementar n.\u00ba 134, de 13 de junho de 2019 e Lei n\u00ba 5504, de 21 de maio de\n2019, dentro do prazo de validade da SELE\u00c7\u00c3O, pelo per\u00edodo de 01 (um) ano\ncontado da assinatura do Contrato Tempor\u00e1rio a ser celebrado entre o\nselecionado e a administra\u00e7\u00e3o, conforme segue abaixo. Informa ainda que se o candidato\nn\u00e3o se apresentar em no prazo m\u00e1ximo de 15 (quinze) dias, ap\u00f3s esta publica\u00e7\u00e3o,\nser\u00e1 considerado desistente tacitamente.<\/p>\n\n\n\n<p style=\"text-align:center\"><strong>Sele\u00e7\u00e3o\nP\u00fablica 01\/2019<\/strong><\/p>\n\n\n\n<p style=\"text-align:center\">M\u00e9dico Cl\u00ednico Geral III<\/p>\n\n\n\n<p style=\"text-align:center\">ADRIANA\nMARIA DE ALMEIDA<\/p>\n\n\n\n<p>PRESIDENTE\nDA FUNDA\u00c7\u00c3O MUNICIPAL DE SA\u00daDE DE SANTA ROSA, 06 DE JULHO DE 2019.<\/p>\n\n\n\n<p style=\"text-align:right\">DELCIO STEFFAN<\/p>\n\n\n\n<p style=\"text-align:right\">Presidente FUMSSAR<\/p>\n\n\n\n<p>ROG\u00c9RIO SILVA DOS SANTOS<\/p>\n\n\n\n<p>Diretor\nGest\u00e3o Administrativa<\/p>\n\n\n\n<p><\/p>\n","protected":false},"excerpt":{"rendered":"<p>EDITAL DE CONVOCA\u00c7\u00c3O N\u00ba 04\/2019 O Presidente da Funda\u00e7\u00e3o Municipal de Sa\u00fade de Santa Rosa&#8230;<\/p>\n","protected":false},"author":24,"featured_media":0,"comment_status":"open","ping_status":"open","sticky":false,"template":"","format":"standard","meta":{"footnotes":""},"categories":[1],"tags":[],"_links":{"self":[{"href":"https:\/\/www.fumssar.com.br\/index.php?rest_route=\/wp\/v2\/posts\/12905"}],"collection":[{"href":"https:\/\/www.fumssar.com.br\/index.php?rest_route=\/wp\/v2\/posts"}],"about":[{"href":"https:\/\/www.fumssar.com.br\/index.php?rest_route=\/wp\/v2\/types\/post"}],"author":[{"embeddable":true,"href":"https:\/\/www.fumssar.com.br\/index.php?rest_route=\/wp\/v2\/users\/24"}],"replies":[{"embeddable":true,"href":"https:\/\/www.fumssar.com.br\/index.php?rest_route=%2Fwp%2Fv2%2Fcomments&post=12905"}],"version-history":[{"count":1,"href":"https:\/\/www.fumssar.com.br\/index.php?rest_route=\/wp\/v2\/posts\/12905\/revisions"}],"predecessor-version":[{"id":12908,"href":"https:\/\/www.fumssar.com.br\/index.php?rest_route=\/wp\/v2\/posts\/12905\/revisions\/12908"}],"wp:attachment":[{"href":"https:\/\/www.fumssar.com.br\/index.php?rest_route=%2Fwp%2Fv2%2Fmedia&parent=12905"}],"wp:term":[{"taxonomy":"category","embeddable":true,"href":"https:\/\/www.fumssar.com.br\/index.php?rest_route=%2Fwp%2Fv2%2Fcategories&post=12905"},{"taxonomy":"post_tag","embeddable":true,"href":"https:\/\/www.fumssar.com.br\/index.php?rest_route=%2Fwp%2Fv2%2Ftags&post=12905"}],"curies":[{"name":"wp","href":"https:\/\/api.w.org\/{rel}","templated":true}]}}