{"id":12902,"date":"2019-07-06T08:00:43","date_gmt":"2019-07-06T10:00:43","guid":{"rendered":"http:\/\/www.fumssar.com.br\/?p=12902"},"modified":"2019-07-05T16:49:24","modified_gmt":"2019-07-05T18:49:24","slug":"edital-03-2019-classificacao-final-e-homologacao","status":"publish","type":"post","link":"https:\/\/www.fumssar.com.br\/?p=12902","title":{"rendered":"EDITAL 03\/2019 &#8211; Classifica\u00e7\u00e3o Final e Homologa\u00e7\u00e3o"},"content":{"rendered":"\n<div class=\"wp-block-file\"><a href=\"http:\/\/www.fumssar.com.br\/wp-content\/uploads\/2019\/07\/Edital-3.docx\">Edital-3<\/a><a href=\"http:\/\/www.fumssar.com.br\/wp-content\/uploads\/2019\/07\/Edital-3.docx\" class=\"wp-block-file__button\" download>Baixar<\/a><\/div>\n\n\n\n<h2 class=\"wp-block-heading\"><\/h2>\n\n\n\n<p style=\"text-align:center\"><strong>FUMSSAR\n\u2013 FUNDA\u00c7\u00c3O MUNICIPAL DE SA\u00daDE DE SANTA ROSA\/RS<\/strong><\/p>\n\n\n\n<p style=\"text-align:center\"><strong>EDITAL\n003\/2019 \u2013 PUBLICA\u00c7\u00c3O DAS NOTAS<\/strong><\/p>\n\n\n\n<p style=\"text-align:center\"><strong>PROCESSO\nSELETIVO TEMPOR\u00c1RIO N\u00ba 001\/2019<\/strong><\/p>\n\n\n\n<p>O\nPRESIDENTE DA FUNDA\u00c7\u00c3O MUNICIPAL DE SA\u00daDE DE SANTA ROSA, Estado do Rio Grande\ndo Sul, no uso de suas atribui\u00e7\u00f5es legais, torna p\u00fablica <strong>a CLASSIFICA\u00c7\u00c3O FINAL e a HOMOLOGA\u00c7\u00c3O DO PROCESSO SELETIVO\nTEMPOR\u00c1RIO N\u00ba 01\/2019<\/strong>.<\/p>\n\n\n\n<table class=\"wp-block-table\"><tbody><tr><td>\n  N. de inscri\u00e7\u00e3o\n  <\/td><td>\n  Nome\n  <\/td><td>\n  Nota\n  <\/td><td>\n  Classifica\u00e7\u00e3o\n  <\/td><\/tr><tr><td>\n  02\n  <\/td><td>\n  ADRIANA MARIA DE ALMEIDA\n  <\/td><td>\n  13\n  <\/td><td>\n  1\u00ba\n  <\/td><\/tr><\/tbody><\/table>\n\n\n\n<p>A\nnomea\u00e7\u00e3o dos classificados ser\u00e1 efetivada conforme crit\u00e9rios estabelecidos do\nEdital 01\/2019 do Processo Seletivo Tempor\u00e1rio, cap\u00edtulos VII e III.<\/p>\n\n\n\n<p>A\nlistagem de Classifica\u00e7\u00e3o Final e Homologa\u00e7\u00e3o est\u00e1 dispon\u00edvel no mural da\nFunda\u00e7\u00e3o Municipal de Sa\u00fade e no site meramente informativo:\nhttp\/\/www.fumssar.com.br.<\/p>\n\n\n\n<p style=\"text-align:right\">Santa\nRosa, 05 de julho de 2019. <\/p>\n\n\n\n<p style=\"text-align:center\">D\u00c9LCIO STEFAN<\/p>\n\n\n\n<p style=\"text-align:center\"><strong>Presidente da FUMSSAR<\/strong><\/p>\n\n\n\n<p><\/p>\n","protected":false},"excerpt":{"rendered":"<p>FUMSSAR \u2013 FUNDA\u00c7\u00c3O MUNICIPAL DE SA\u00daDE DE SANTA ROSA\/RS EDITAL 003\/2019 \u2013 PUBLICA\u00c7\u00c3O DAS NOTAS&#8230;<\/p>\n","protected":false},"author":24,"featured_media":0,"comment_status":"open","ping_status":"open","sticky":false,"template":"","format":"standard","meta":{"footnotes":""},"categories":[1],"tags":[],"_links":{"self":[{"href":"https:\/\/www.fumssar.com.br\/index.php?rest_route=\/wp\/v2\/posts\/12902"}],"collection":[{"href":"https:\/\/www.fumssar.com.br\/index.php?rest_route=\/wp\/v2\/posts"}],"about":[{"href":"https:\/\/www.fumssar.com.br\/index.php?rest_route=\/wp\/v2\/types\/post"}],"author":[{"embeddable":true,"href":"https:\/\/www.fumssar.com.br\/index.php?rest_route=\/wp\/v2\/users\/24"}],"replies":[{"embeddable":true,"href":"https:\/\/www.fumssar.com.br\/index.php?rest_route=%2Fwp%2Fv2%2Fcomments&post=12902"}],"version-history":[{"count":1,"href":"https:\/\/www.fumssar.com.br\/index.php?rest_route=\/wp\/v2\/posts\/12902\/revisions"}],"predecessor-version":[{"id":12904,"href":"https:\/\/www.fumssar.com.br\/index.php?rest_route=\/wp\/v2\/posts\/12902\/revisions\/12904"}],"wp:attachment":[{"href":"https:\/\/www.fumssar.com.br\/index.php?rest_route=%2Fwp%2Fv2%2Fmedia&parent=12902"}],"wp:term":[{"taxonomy":"category","embeddable":true,"href":"https:\/\/www.fumssar.com.br\/index.php?rest_route=%2Fwp%2Fv2%2Fcategories&post=12902"},{"taxonomy":"post_tag","embeddable":true,"href":"https:\/\/www.fumssar.com.br\/index.php?rest_route=%2Fwp%2Fv2%2Ftags&post=12902"}],"curies":[{"name":"wp","href":"https:\/\/api.w.org\/{rel}","templated":true}]}}