{"id":12893,"date":"2019-07-03T18:02:52","date_gmt":"2019-07-03T20:02:52","guid":{"rendered":"http:\/\/www.fumssar.com.br\/?p=12893"},"modified":"2024-10-07T16:34:58","modified_gmt":"2024-10-07T19:34:58","slug":"planejamento-na-aquisicao-de-veiculos-para-a-fumssar-resultou-em-economia-financeira","status":"publish","type":"post","link":"https:\/\/www.fumssar.com.br\/?p=12893","title":{"rendered":"Planejamento na aquisi\u00e7\u00e3o de ve\u00edculos para a FUMSSAR resultou em economia financeira"},"content":{"rendered":"\n<p>Necessitando de renova\u00e7\u00e3o da frota, recentemente a FUMSSAR\nrecebeu tr\u00eas ve\u00edculos novos para a presta\u00e7\u00e3o de servi\u00e7os de deslocamentos de\nusu\u00e1rios do sistema p\u00fablico de sa\u00fade.<\/p>\n\n\n\n<p>&nbsp;&nbsp;&nbsp;&nbsp;&nbsp;&nbsp;&nbsp;&nbsp;&nbsp;&nbsp;&nbsp; No m\u00eas de\nfevereiro a FUMSSAR realizou uma licita\u00e7\u00e3o para a aquisi\u00e7\u00e3o de ve\u00edculos leves\npara o deslocamento de pacientes que n\u00e3o necessitam de ambul\u00e2ncias, mas\nrealizam consultas especializadas ou exames em outros munic\u00edpios. <\/p>\n\n\n\n<p>&nbsp;&nbsp;&nbsp;&nbsp;&nbsp;&nbsp;&nbsp;&nbsp;&nbsp;&nbsp;&nbsp; O planejado\nera adquirir tr\u00eas ve\u00edculos, com recursos oriundos de uma emenda parlamentar no\nvalor de R$ 100.000,00 e mais aproximadamente R$ 35.000,00 em recursos\nvinculados para a aquisi\u00e7\u00e3o de ativo permanente, gerados de saldos que estavam\nociosos em algumas contas e que se transformaram&nbsp; em rendimentos financeiros. A vincula\u00e7\u00e3o\ndestes recursos permitia apenas a aquisi\u00e7\u00e3o de ativo permanente, os mesmos foram\nutilizados para esta destina\u00e7\u00e3o.<\/p>\n\n\n\n<p>&nbsp;&nbsp;&nbsp;&nbsp;&nbsp;&nbsp;&nbsp;&nbsp;&nbsp;&nbsp;&nbsp; &nbsp;Analisando o processo para definir a\nmodalidade de licita\u00e7\u00e3o, O Diretor Administrativo da FUMSSAR, Rog\u00e9rio Silva\nSantos e o Chefe de Material e Patrim\u00f4nio, Andr\u00e9 Herzog, definiram que poderia\nser realizada uma Licita\u00e7\u00e3o Modalidade Preg\u00e3o pelo Sistema de Registro de\nPre\u00e7os. Desta forma foi ampliada a quantidade para licitar a compra de seis\nve\u00edculos. Segundo Rog\u00e9rio a vantagem deste tipo de licita\u00e7\u00e3o \u00e9 de n\u00e3o ser\nnecess\u00e1ria dota\u00e7\u00e3o or\u00e7ament\u00e1ria, nem financeira, para adquirir a totalidade\nlicitada, que deve ter um quantitativo razo\u00e1vel, por\u00e9m, a expectativa de uma\nvenda em quantidade maior faz com que os fornecedores participantes tendam a\nproporcionar pre\u00e7os melhores para o ente p\u00fablico.<\/p>\n\n\n\n<p>&nbsp;&nbsp;&nbsp;&nbsp;&nbsp;&nbsp;&nbsp;&nbsp;&nbsp;&nbsp;&nbsp; &nbsp;O diretor afirmou ainda que esta assertiva se\nconcretizou neste processo, onde o valor or\u00e7ado para a aquisi\u00e7\u00e3o dos ve\u00edculos\ncom as caracter\u00edsticas descritas no edital foi m\u00e9dio de R$ 55.000,00, mas no\nfinal do certame foi adquirido cada ve\u00edculo pelo valor de R$ 47.900,00,\ntotalizando R$ 143.700,00 para os tr\u00eas ve\u00edculos adquiridos. A economia gerada\nna modalidade de compra ficou em torno de R$ 21.300,00 em rela\u00e7\u00e3o ao pre\u00e7o de\nmercado, e um dos fatores relevantes foi a aquisi\u00e7\u00e3o diretamente da f\u00e1brica.<\/p>\n\n\n\n<p>&nbsp;&nbsp;&nbsp;&nbsp;&nbsp;&nbsp;&nbsp;&nbsp;&nbsp;&nbsp;&nbsp; Atualmente a\nFUMSSAR possui, conforme registrado na Ata de Registro de Pre\u00e7os, um saldo para\ncompra de mais tr\u00eas ve\u00edculos sem a necessidade de nova licita\u00e7\u00e3o, por at\u00e9 um\nano da data de homologa\u00e7\u00e3o, desde que este valor se mantenha vantajoso para a\nadministra\u00e7\u00e3o p\u00fablica.<\/p>\n\n\n\n<p>&nbsp;&nbsp;&nbsp;&nbsp;&nbsp;&nbsp;&nbsp;&nbsp;&nbsp;&nbsp;&nbsp; Tamb\u00e9m, em\nbreve, estar\u00e1 sendo realizado um leil\u00e3o dos ve\u00edculos que n\u00e3o s\u00e3o mais serv\u00edveis\npara a administra\u00e7\u00e3o, o que deve gerar uma Receita de Capital que ser\u00e1\ninvestida, conforme os ditames legais, em aquisi\u00e7\u00e3o de pelo menos uma pick-up\npara as equipes de combate as endemias.<\/p>\n","protected":false},"excerpt":{"rendered":"<p>Necessitando de renova\u00e7\u00e3o da frota, recentemente a FUMSSAR recebeu tr\u00eas ve\u00edculos novos para a presta\u00e7\u00e3o&#8230;<\/p>\n","protected":false},"author":11,"featured_media":12894,"comment_status":"open","ping_status":"open","sticky":false,"template":"","format":"standard","meta":{"footnotes":""},"categories":[2],"tags":[],"_links":{"self":[{"href":"https:\/\/www.fumssar.com.br\/index.php?rest_route=\/wp\/v2\/posts\/12893"}],"collection":[{"href":"https:\/\/www.fumssar.com.br\/index.php?rest_route=\/wp\/v2\/posts"}],"about":[{"href":"https:\/\/www.fumssar.com.br\/index.php?rest_route=\/wp\/v2\/types\/post"}],"author":[{"embeddable":true,"href":"https:\/\/www.fumssar.com.br\/index.php?rest_route=\/wp\/v2\/users\/11"}],"replies":[{"embeddable":true,"href":"https:\/\/www.fumssar.com.br\/index.php?rest_route=%2Fwp%2Fv2%2Fcomments&post=12893"}],"version-history":[{"count":1,"href":"https:\/\/www.fumssar.com.br\/index.php?rest_route=\/wp\/v2\/posts\/12893\/revisions"}],"predecessor-version":[{"id":12895,"href":"https:\/\/www.fumssar.com.br\/index.php?rest_route=\/wp\/v2\/posts\/12893\/revisions\/12895"}],"wp:featuredmedia":[{"embeddable":true,"href":"https:\/\/www.fumssar.com.br\/index.php?rest_route=\/wp\/v2\/media\/12894"}],"wp:attachment":[{"href":"https:\/\/www.fumssar.com.br\/index.php?rest_route=%2Fwp%2Fv2%2Fmedia&parent=12893"}],"wp:term":[{"taxonomy":"category","embeddable":true,"href":"https:\/\/www.fumssar.com.br\/index.php?rest_route=%2Fwp%2Fv2%2Fcategories&post=12893"},{"taxonomy":"post_tag","embeddable":true,"href":"https:\/\/www.fumssar.com.br\/index.php?rest_route=%2Fwp%2Fv2%2Ftags&post=12893"}],"curies":[{"name":"wp","href":"https:\/\/api.w.org\/{rel}","templated":true}]}}