{"id":12864,"date":"2019-06-26T11:59:40","date_gmt":"2019-06-26T13:59:40","guid":{"rendered":"http:\/\/www.fumssar.com.br\/?p=12864"},"modified":"2024-10-07T16:34:58","modified_gmt":"2024-10-07T19:34:58","slug":"assessor-do-senador-heize-visitou-a-fumssar","status":"publish","type":"post","link":"https:\/\/www.fumssar.com.br\/?p=12864","title":{"rendered":"Assessor do Senador Heize \tvisitou a FUMSSAR"},"content":{"rendered":"\n<p>&nbsp;Na manh\u00e3 de ter\u00e7a-feira,25 o assessor Edemar\nSch\u00f6nwald do Senador Luis Carlos Heinze, realizou uma visita ao Presidente da\nFUMSSAR D\u00e9lcio Stefan.<\/p>\n\n\n\n<p>&nbsp;&nbsp;&nbsp;&nbsp;&nbsp;&nbsp;&nbsp;&nbsp;&nbsp;&nbsp;&nbsp;&nbsp;&nbsp;&nbsp;&nbsp; O\nAssessor destacou que a visita faz parte de um trabalho do Senador na regi\u00e3o e\nque oferece toda a estrutura de gabinete a disposi\u00e7\u00e3o da FUMSSAR e demais\nmunic\u00edpios para demandas na \u00e1rea de sa\u00fade e outras. Edemar&nbsp; ressaltou que o Parlamentar reconhece muito o\ntrabalho de gest\u00e3o que \u00e9 realizado na sa\u00fade de Santa Rosa e que se destaca a\nn\u00edvel nacional pela dedica\u00e7\u00e3o profissional e de seus gestores.<\/p>\n\n\n\n<p>&nbsp;&nbsp;&nbsp;&nbsp;&nbsp;&nbsp;&nbsp;&nbsp;&nbsp;&nbsp;&nbsp;&nbsp;&nbsp;&nbsp;&nbsp; D\u00e9lcio\nStefan Presidente da FUMSSAR agradeceu a visita frisando a import\u00e2ncia do\ninter-relacionamento&nbsp; com Parlamentares\nem Bras\u00edlia que abre caminhos para as demandas diversas de todos os munic\u00edpios\nda regi\u00e3o.<\/p>\n","protected":false},"excerpt":{"rendered":"<p>&nbsp;Na manh\u00e3 de ter\u00e7a-feira,25 o assessor Edemar Sch\u00f6nwald do Senador Luis Carlos Heinze, realizou uma&#8230;<\/p>\n","protected":false},"author":11,"featured_media":12865,"comment_status":"open","ping_status":"open","sticky":false,"template":"","format":"standard","meta":{"footnotes":""},"categories":[2],"tags":[],"_links":{"self":[{"href":"https:\/\/www.fumssar.com.br\/index.php?rest_route=\/wp\/v2\/posts\/12864"}],"collection":[{"href":"https:\/\/www.fumssar.com.br\/index.php?rest_route=\/wp\/v2\/posts"}],"about":[{"href":"https:\/\/www.fumssar.com.br\/index.php?rest_route=\/wp\/v2\/types\/post"}],"author":[{"embeddable":true,"href":"https:\/\/www.fumssar.com.br\/index.php?rest_route=\/wp\/v2\/users\/11"}],"replies":[{"embeddable":true,"href":"https:\/\/www.fumssar.com.br\/index.php?rest_route=%2Fwp%2Fv2%2Fcomments&post=12864"}],"version-history":[{"count":1,"href":"https:\/\/www.fumssar.com.br\/index.php?rest_route=\/wp\/v2\/posts\/12864\/revisions"}],"predecessor-version":[{"id":12866,"href":"https:\/\/www.fumssar.com.br\/index.php?rest_route=\/wp\/v2\/posts\/12864\/revisions\/12866"}],"wp:featuredmedia":[{"embeddable":true,"href":"https:\/\/www.fumssar.com.br\/index.php?rest_route=\/wp\/v2\/media\/12865"}],"wp:attachment":[{"href":"https:\/\/www.fumssar.com.br\/index.php?rest_route=%2Fwp%2Fv2%2Fmedia&parent=12864"}],"wp:term":[{"taxonomy":"category","embeddable":true,"href":"https:\/\/www.fumssar.com.br\/index.php?rest_route=%2Fwp%2Fv2%2Fcategories&post=12864"},{"taxonomy":"post_tag","embeddable":true,"href":"https:\/\/www.fumssar.com.br\/index.php?rest_route=%2Fwp%2Fv2%2Ftags&post=12864"}],"curies":[{"name":"wp","href":"https:\/\/api.w.org\/{rel}","templated":true}]}}