{"id":12855,"date":"2019-06-26T11:55:18","date_gmt":"2019-06-26T13:55:18","guid":{"rendered":"http:\/\/www.fumssar.com.br\/?p=12855"},"modified":"2024-10-07T16:34:58","modified_gmt":"2024-10-07T19:34:58","slug":"fumssar-implementa-programa-linha-de-cuidado-ao-idoso","status":"publish","type":"post","link":"https:\/\/www.fumssar.com.br\/?p=12855","title":{"rendered":"FUMSSAR implementa Programa \u201c Linha de Cuidado ao Idoso\u201d"},"content":{"rendered":"\n<p style=\"text-align:right\">Com o objetivo de realizar a\u00e7\u00f5es relacionadas \u00e0 sa\u00fade dos\nidosos residentes no munic\u00edpio, para prolongar o estado de capacidade funcional\ndesta categoria de usu\u00e1rios a FUMSSAR est\u00e1 implementando o Programa \u201cLinha de\nCuidado ao Idoso\u201d.<\/p>\n\n\n\n<p>&nbsp;&nbsp;&nbsp;&nbsp;&nbsp;&nbsp;&nbsp;&nbsp;&nbsp;&nbsp;&nbsp; O programa\nprev\u00ea um envolvimento de diversos profissionais de todas as Unidades B\u00e1sicas e\nda rede de atendimento da sa\u00fade do Munic\u00edpio. Num primeiro passo a rede\npretende realizar um levantamento de todos os usu\u00e1rios que tenham a partir&nbsp; dos&nbsp; 60\nanos, tendo quantifica\u00e7\u00e3o de estado geral de sa\u00fade e qualidade de vida.<\/p>\n\n\n\n<p>&nbsp;&nbsp;&nbsp;&nbsp;&nbsp; Segundo\na Diretora de aten\u00e7\u00e3o prim\u00e1ria da FUMSSAR Alice Klein, na fase inicial ser\u00e1 de\nconhecimento dos dados demogr\u00e1ficos e epidemiol\u00f3gicos desta popula\u00e7\u00e3o; Compreender\na compet\u00eancia da APS na aten\u00e7\u00e3o \u00e0 sa\u00fade dos Idosos e implantando a \u201cCaderneta\ndo Idoso\u201d, onde ser\u00e1 realizada uma estratifica\u00e7\u00e3o de risco de cada um\nelaborando um plano de cuidado para idosos fr\u00e1geis.<\/p>\n\n\n\n<p>&nbsp;&nbsp;&nbsp;&nbsp;&nbsp;&nbsp;&nbsp;&nbsp;&nbsp;&nbsp;&nbsp; Alice\ndestacou ainda que Avaliar a sa\u00fade do idoso o resultado esperado e que o idoso\ntenha uma vida saud\u00e1vel capaz de funcionar sozinho, de forma independente e\naut\u00f4noma. Segundo ela ser\u00e3o adotadas medidas da capacidade de realiza\u00e7\u00e3o das\naspira\u00e7\u00f5es e da satisfa\u00e7\u00e3o de necessidade e n\u00e3o simplesmente a aus\u00eancia de\ndoen\u00e7as. \u201cQueremos com o programa visar um atendimento, um planejamento e o\ncuidado mais espec\u00edfico de todos os idosos do munic\u00edpio. Frisou a diretora.<\/p>\n","protected":false},"excerpt":{"rendered":"<p>Com o objetivo de realizar a\u00e7\u00f5es relacionadas \u00e0 sa\u00fade dos idosos residentes no munic\u00edpio, para&#8230;<\/p>\n","protected":false},"author":11,"featured_media":12856,"comment_status":"open","ping_status":"open","sticky":false,"template":"","format":"standard","meta":{"footnotes":""},"categories":[2],"tags":[],"_links":{"self":[{"href":"https:\/\/www.fumssar.com.br\/index.php?rest_route=\/wp\/v2\/posts\/12855"}],"collection":[{"href":"https:\/\/www.fumssar.com.br\/index.php?rest_route=\/wp\/v2\/posts"}],"about":[{"href":"https:\/\/www.fumssar.com.br\/index.php?rest_route=\/wp\/v2\/types\/post"}],"author":[{"embeddable":true,"href":"https:\/\/www.fumssar.com.br\/index.php?rest_route=\/wp\/v2\/users\/11"}],"replies":[{"embeddable":true,"href":"https:\/\/www.fumssar.com.br\/index.php?rest_route=%2Fwp%2Fv2%2Fcomments&post=12855"}],"version-history":[{"count":1,"href":"https:\/\/www.fumssar.com.br\/index.php?rest_route=\/wp\/v2\/posts\/12855\/revisions"}],"predecessor-version":[{"id":12857,"href":"https:\/\/www.fumssar.com.br\/index.php?rest_route=\/wp\/v2\/posts\/12855\/revisions\/12857"}],"wp:featuredmedia":[{"embeddable":true,"href":"https:\/\/www.fumssar.com.br\/index.php?rest_route=\/wp\/v2\/media\/12856"}],"wp:attachment":[{"href":"https:\/\/www.fumssar.com.br\/index.php?rest_route=%2Fwp%2Fv2%2Fmedia&parent=12855"}],"wp:term":[{"taxonomy":"category","embeddable":true,"href":"https:\/\/www.fumssar.com.br\/index.php?rest_route=%2Fwp%2Fv2%2Fcategories&post=12855"},{"taxonomy":"post_tag","embeddable":true,"href":"https:\/\/www.fumssar.com.br\/index.php?rest_route=%2Fwp%2Fv2%2Ftags&post=12855"}],"curies":[{"name":"wp","href":"https:\/\/api.w.org\/{rel}","templated":true}]}}