{"id":1285,"date":"2014-04-11T18:39:26","date_gmt":"2014-04-11T18:39:26","guid":{"rendered":"http:\/\/www.fumssar.com.br\/?p=1285"},"modified":"2024-10-07T16:36:20","modified_gmt":"2024-10-07T19:36:20","slug":"upa-e-visitada-por-prefeitos-da-associacao-dos-municipios","status":"publish","type":"post","link":"https:\/\/www.fumssar.com.br\/?p=1285","title":{"rendered":"UPA \u00e9 visitada por prefeitos da Associa\u00e7\u00e3o dos Munic\u00edpios"},"content":{"rendered":"<p><a href=\"http:\/\/www.fumssar.com.br\/wp-content\/uploads\/2014\/04\/DSCN6416.jpg\"><img loading=\"lazy\" decoding=\"async\" src=\"http:\/\/www.fumssar.com.br\/wp-content\/uploads\/2014\/04\/DSCN6416-300x225.jpg\" alt=\"DSCN6416\" width=\"300\" height=\"225\" class=\"alignnone size-medium wp-image-1286\" srcset=\"https:\/\/www.fumssar.com.br\/wp-content\/uploads\/2014\/04\/DSCN6416-300x225.jpg 300w, https:\/\/www.fumssar.com.br\/wp-content\/uploads\/2014\/04\/DSCN6416.jpg 640w\" sizes=\"(max-width: 300px) 100vw, 300px\" \/><\/a>A visita ocorreu na tarde de quarta-feira, (9) com a realiza\u00e7\u00e3o de uma reuni\u00e3o com os prefeitos da regi\u00e3o em que a UPA vai atender. Na oportunidade o Presidente da FUMSSAR, Dr. Lu\u00eds Ant\u00f4nio Benvegn\u00fa  colocou aos presentes o funcionamento da Unidade de Pronto Atendimento  bem como o custo de manuten\u00e7\u00e3o dos servi\u00e7os. \u201cBenvegn\u00fa relatou que houveram muitas discuss\u00f5es  para a implanta\u00e7\u00e3o da Unidade, buscando uma forma mais vi\u00e1vel para o  funcionamento da mesma\u201d.\u201d Tivemos v\u00e1rias reuni\u00f5es de planejamento   buscando uma forma mais vi\u00e1vel  de funcionamento da UPA\u201d, ressaltou o presidente. Ele disse que a forma mais vi\u00e1vel encontrada foi a terceiriza\u00e7\u00e3o dos servi\u00e7os, atrav\u00e9s de licita\u00e7\u00e3o o que ocorrer\u00e1 em breve e ter\u00e1 funcionamento  24 horas por dia.<br \/>\n\tPara o custeio da  UPA  os  recursos vir\u00e3o  dos Governos Federal e Estadual ficando tamb\u00e9m uma parcela para os 22munic\u00edpios de abrang\u00eancia, que segundo Benvegn\u00fa deve haver uma contribui\u00e7\u00e3o de 50% para Santa Rosa e o restante  a ser rateado entre os demais  21 munic\u00edpios utilizar\u00e3o os servi\u00e7os. \u201cQueremos reunir os prefeitos da regi\u00e3o e discutirmos uma forma de viabilizarmos uma complementa\u00e7\u00e3o dos recursos que teremos que dispormos para o funcionamento pleno da UPA. Destacou o Presidente da FUMSSAR. <\/p>\n","protected":false},"excerpt":{"rendered":"<p>A visita ocorreu na tarde de quarta-feira, (9) com a realiza\u00e7\u00e3o de uma reuni\u00e3o com&#8230;<\/p>\n","protected":false},"author":11,"featured_media":1289,"comment_status":"open","ping_status":"open","sticky":false,"template":"","format":"standard","meta":{"footnotes":""},"categories":[2],"tags":[],"_links":{"self":[{"href":"https:\/\/www.fumssar.com.br\/index.php?rest_route=\/wp\/v2\/posts\/1285"}],"collection":[{"href":"https:\/\/www.fumssar.com.br\/index.php?rest_route=\/wp\/v2\/posts"}],"about":[{"href":"https:\/\/www.fumssar.com.br\/index.php?rest_route=\/wp\/v2\/types\/post"}],"author":[{"embeddable":true,"href":"https:\/\/www.fumssar.com.br\/index.php?rest_route=\/wp\/v2\/users\/11"}],"replies":[{"embeddable":true,"href":"https:\/\/www.fumssar.com.br\/index.php?rest_route=%2Fwp%2Fv2%2Fcomments&post=1285"}],"version-history":[{"count":2,"href":"https:\/\/www.fumssar.com.br\/index.php?rest_route=\/wp\/v2\/posts\/1285\/revisions"}],"predecessor-version":[{"id":1291,"href":"https:\/\/www.fumssar.com.br\/index.php?rest_route=\/wp\/v2\/posts\/1285\/revisions\/1291"}],"wp:featuredmedia":[{"embeddable":true,"href":"https:\/\/www.fumssar.com.br\/index.php?rest_route=\/wp\/v2\/media\/1289"}],"wp:attachment":[{"href":"https:\/\/www.fumssar.com.br\/index.php?rest_route=%2Fwp%2Fv2%2Fmedia&parent=1285"}],"wp:term":[{"taxonomy":"category","embeddable":true,"href":"https:\/\/www.fumssar.com.br\/index.php?rest_route=%2Fwp%2Fv2%2Fcategories&post=1285"},{"taxonomy":"post_tag","embeddable":true,"href":"https:\/\/www.fumssar.com.br\/index.php?rest_route=%2Fwp%2Fv2%2Ftags&post=1285"}],"curies":[{"name":"wp","href":"https:\/\/api.w.org\/{rel}","templated":true}]}}