{"id":12848,"date":"2019-06-24T14:57:19","date_gmt":"2019-06-24T16:57:19","guid":{"rendered":"http:\/\/www.fumssar.com.br\/?p=12848"},"modified":"2024-10-07T16:34:58","modified_gmt":"2024-10-07T19:34:58","slug":"presidente-da-fumssar-participou-de-reunioes-em-porto-alegre","status":"publish","type":"post","link":"https:\/\/www.fumssar.com.br\/?p=12848","title":{"rendered":"Presidente da FUMSSAR participou de reuni\u00f5es em Porto Alegre"},"content":{"rendered":"\n<p>&nbsp;&nbsp;&nbsp;&nbsp;&nbsp;&nbsp;&nbsp;&nbsp;&nbsp;&nbsp;&nbsp;&nbsp;&nbsp;&nbsp;&nbsp; D\u00e9lcio Stefan Presidente da Funda\u00e7\u00e3o\nMunicipal de Sa\u00fade-FUMSSAR esteve participando de reuni\u00f5es na capital do estado\nna semana passada.<\/p>\n\n\n\n<p>&nbsp;&nbsp;&nbsp;&nbsp;&nbsp;&nbsp;&nbsp;&nbsp;&nbsp;&nbsp;&nbsp; As reuni\u00f5es mensais\nda CIB- SETEC e do COSEMS\/RS ocorreram nos dias 18 e 19, onde assuntos de\ninteresse da sa\u00fade da popula\u00e7\u00e3o estiveram em pauta durante os encontros. D\u00e9lcio\ndestacou que os encontros s\u00e3o muito importante nas tr\u00eas institui\u00e7\u00f5es, pois\nforam discutidos temas de habilita\u00e7\u00e3o de novos servi\u00e7os tais como: rede de\natendimento de sa\u00fade mental para crian\u00e7as e adolescentes e sobre a lota\u00e7\u00e3o de\nhospitais e UTIs no estado.<\/p>\n","protected":false},"excerpt":{"rendered":"<p>&nbsp;&nbsp;&nbsp;&nbsp;&nbsp;&nbsp;&nbsp;&nbsp;&nbsp;&nbsp;&nbsp;&nbsp;&nbsp;&nbsp;&nbsp; D\u00e9lcio Stefan Presidente da Funda\u00e7\u00e3o Municipal de Sa\u00fade-FUMSSAR esteve participando de reuni\u00f5es na capital&#8230;<\/p>\n","protected":false},"author":11,"featured_media":12849,"comment_status":"open","ping_status":"open","sticky":false,"template":"","format":"standard","meta":{"footnotes":""},"categories":[2],"tags":[],"_links":{"self":[{"href":"https:\/\/www.fumssar.com.br\/index.php?rest_route=\/wp\/v2\/posts\/12848"}],"collection":[{"href":"https:\/\/www.fumssar.com.br\/index.php?rest_route=\/wp\/v2\/posts"}],"about":[{"href":"https:\/\/www.fumssar.com.br\/index.php?rest_route=\/wp\/v2\/types\/post"}],"author":[{"embeddable":true,"href":"https:\/\/www.fumssar.com.br\/index.php?rest_route=\/wp\/v2\/users\/11"}],"replies":[{"embeddable":true,"href":"https:\/\/www.fumssar.com.br\/index.php?rest_route=%2Fwp%2Fv2%2Fcomments&post=12848"}],"version-history":[{"count":1,"href":"https:\/\/www.fumssar.com.br\/index.php?rest_route=\/wp\/v2\/posts\/12848\/revisions"}],"predecessor-version":[{"id":12850,"href":"https:\/\/www.fumssar.com.br\/index.php?rest_route=\/wp\/v2\/posts\/12848\/revisions\/12850"}],"wp:featuredmedia":[{"embeddable":true,"href":"https:\/\/www.fumssar.com.br\/index.php?rest_route=\/wp\/v2\/media\/12849"}],"wp:attachment":[{"href":"https:\/\/www.fumssar.com.br\/index.php?rest_route=%2Fwp%2Fv2%2Fmedia&parent=12848"}],"wp:term":[{"taxonomy":"category","embeddable":true,"href":"https:\/\/www.fumssar.com.br\/index.php?rest_route=%2Fwp%2Fv2%2Fcategories&post=12848"},{"taxonomy":"post_tag","embeddable":true,"href":"https:\/\/www.fumssar.com.br\/index.php?rest_route=%2Fwp%2Fv2%2Ftags&post=12848"}],"curies":[{"name":"wp","href":"https:\/\/api.w.org\/{rel}","templated":true}]}}