{"id":12837,"date":"2019-06-19T18:18:46","date_gmt":"2019-06-19T20:18:46","guid":{"rendered":"http:\/\/www.fumssar.com.br\/?p=12837"},"modified":"2024-10-07T16:34:58","modified_gmt":"2024-10-07T19:34:58","slug":"realizada-mais-uma-edicao-do-festival-da-cancao-dos-usuarios-dos-capss","status":"publish","type":"post","link":"https:\/\/www.fumssar.com.br\/?p=12837","title":{"rendered":"Realizada mais uma edi\u00e7\u00e3o do \u201cFestival da Can\u00e7\u00e3o dos Usu\u00e1rios dos CAPSs\u201d"},"content":{"rendered":"\n<p>&nbsp;&nbsp;&nbsp;&nbsp;&nbsp;&nbsp;&nbsp;&nbsp;&nbsp;&nbsp;&nbsp;&nbsp;&nbsp;&nbsp;&nbsp; Entre as diversas atividades desenvolvidas\ncom os usu\u00e1rios dos Centros Especializados Psicossociais &nbsp;CAPS II e do CAPS AD, anualmente &nbsp;o Festival da Can\u00e7\u00e3o Anacleto Antunes\nRibeiro\u201d. O evento tem a participa\u00e7\u00e3o dos usu\u00e1rios dos Centros, que realizam\napresenta\u00e7\u00f5es de m\u00fasicas ensaiadas durante a oficina de canto. Familiares,\namigos e funcion\u00e1rios prestigiam o evento, que tem o nome que homenageia um\nex-participante das institui\u00e7\u00f5es.<\/p>\n\n\n\n<p>&nbsp;&nbsp;&nbsp;&nbsp;&nbsp;&nbsp;&nbsp;&nbsp;&nbsp;&nbsp;&nbsp; Na edi\u00e7\u00e3o de\n2019 que ocorreu na quarta-feira, 19&nbsp; no\naudit\u00f3rio do N\u00facleo de Ensino e Pesquisa- NEP, da FUMSSAR a tarde v\u00e1rias\nm\u00fasicas foram apresentadas e prestigiadas ao p\u00fablico que participou num\nambiente descontra\u00eddo e fraterno.<\/p>\n\n\n\n<p>&nbsp;&nbsp;&nbsp;&nbsp;&nbsp;&nbsp;&nbsp;&nbsp;&nbsp;&nbsp;&nbsp; Na abertura houve\na apresenta\u00e7\u00e3o de um grupo da Oficina Terap\u00eautica &nbsp;de M\u00fasica da Secretaria Municipal de Sa\u00fade do\nmunic\u00edpio de Porto Vera Cruz , coordenado pelo Professor Paulo Cesar Hernandes e\nacompanhados pela Secret\u00e1ria de Sa\u00fade Glaucia Milani Carmona.<\/p>\n\n\n\n<p>&nbsp;&nbsp;&nbsp;&nbsp;&nbsp;&nbsp;&nbsp;&nbsp;&nbsp;&nbsp;&nbsp; A Diretora de Aten\u00e7\u00e3o Prim\u00e1ria em\nSa\u00fade Alice Klein da FUMSSAR destacou a import\u00e2ncia do evento e agradeceu a participa\u00e7\u00e3o\ndos visitantes, ressaltando a dedica\u00e7\u00e3o do trabalho das equipes com a sa\u00fade dos\nusu\u00e1rios.<\/p>\n\n\n\n<p>\u201d<\/p>\n","protected":false},"excerpt":{"rendered":"<p>&nbsp;&nbsp;&nbsp;&nbsp;&nbsp;&nbsp;&nbsp;&nbsp;&nbsp;&nbsp;&nbsp;&nbsp;&nbsp;&nbsp;&nbsp; Entre as diversas atividades desenvolvidas com os usu\u00e1rios dos Centros Especializados Psicossociais &nbsp;CAPS II&#8230;<\/p>\n","protected":false},"author":11,"featured_media":12838,"comment_status":"open","ping_status":"open","sticky":false,"template":"","format":"standard","meta":{"footnotes":""},"categories":[2],"tags":[],"_links":{"self":[{"href":"https:\/\/www.fumssar.com.br\/index.php?rest_route=\/wp\/v2\/posts\/12837"}],"collection":[{"href":"https:\/\/www.fumssar.com.br\/index.php?rest_route=\/wp\/v2\/posts"}],"about":[{"href":"https:\/\/www.fumssar.com.br\/index.php?rest_route=\/wp\/v2\/types\/post"}],"author":[{"embeddable":true,"href":"https:\/\/www.fumssar.com.br\/index.php?rest_route=\/wp\/v2\/users\/11"}],"replies":[{"embeddable":true,"href":"https:\/\/www.fumssar.com.br\/index.php?rest_route=%2Fwp%2Fv2%2Fcomments&post=12837"}],"version-history":[{"count":1,"href":"https:\/\/www.fumssar.com.br\/index.php?rest_route=\/wp\/v2\/posts\/12837\/revisions"}],"predecessor-version":[{"id":12839,"href":"https:\/\/www.fumssar.com.br\/index.php?rest_route=\/wp\/v2\/posts\/12837\/revisions\/12839"}],"wp:featuredmedia":[{"embeddable":true,"href":"https:\/\/www.fumssar.com.br\/index.php?rest_route=\/wp\/v2\/media\/12838"}],"wp:attachment":[{"href":"https:\/\/www.fumssar.com.br\/index.php?rest_route=%2Fwp%2Fv2%2Fmedia&parent=12837"}],"wp:term":[{"taxonomy":"category","embeddable":true,"href":"https:\/\/www.fumssar.com.br\/index.php?rest_route=%2Fwp%2Fv2%2Fcategories&post=12837"},{"taxonomy":"post_tag","embeddable":true,"href":"https:\/\/www.fumssar.com.br\/index.php?rest_route=%2Fwp%2Fv2%2Ftags&post=12837"}],"curies":[{"name":"wp","href":"https:\/\/api.w.org\/{rel}","templated":true}]}}