{"id":12809,"date":"2019-06-14T16:43:47","date_gmt":"2019-06-14T18:43:47","guid":{"rendered":"http:\/\/www.fumssar.com.br\/?p=12809"},"modified":"2024-10-07T16:34:58","modified_gmt":"2024-10-07T19:34:58","slug":"alunos-do-curso-de-medicina-da-unijui-vieram-conhecer-o-sistema-de-saude-de-santa-rosa","status":"publish","type":"post","link":"https:\/\/www.fumssar.com.br\/?p=12809","title":{"rendered":"Alunos do Curso de Medicina da UNIJU\u00cd vieram conhecer o Sistema de Sa\u00fade de Santa Rosa"},"content":{"rendered":"\n<p>Alunos do Curso de Medicina da UNIJU\u00cd vieram\nconhecer o Sistema de Sa\u00fade de Santa Rosa<\/p>\n\n\n\n<p>Estudantes da 1\u00aa turma do Curso de Medicina da Universidade Regional do\nNoroeste do Estado do Rio Grade do Sul-UNIJU\u00cd, estiveram em Santa Rosa na\nquinta-feira,13. O objetivo da visita foi de conhecer o sistema p\u00fablico de\nsa\u00fade do munic\u00edpio. Acompanhados pela Professora Dr\u00aa. Adriane Cristina\nKolankiewicz, os acad\u00eamicos forma recepcionados no N\u00facleo de Ensino e Pesquisa\nda FUMSSAR, pelo Prefeito Alcides Vicini pelo Vice-prefeito Dr. Lu\u00eds Ant\u00f4nio\nBenvegn\u00fa, pelo Presidente da FUMSSAR, D\u00e9lcio Stefan e diretores da autarquia.<br>\nO Prefeito Alcides Vicini saudou os visitantes ressaltando a sua satisfa\u00e7\u00e3o\ncomo gestor em receb\u00ea-los, destacando que sempre em todos os seus mandatos a\nsa\u00fade sempre foi tratada como um setor primordial. Dr. Lu\u00eds Benvegn\u00fa fez um\nrelato da implanta\u00e7\u00e3o do SUS, bem como as conquistas e avan\u00e7os que o sistema\nteve durante seu percurso, que serve de exemplo de sa\u00fade p\u00fablica no Pa\u00eds.<br>\nLogo ap\u00f3s as explana\u00e7\u00f5es o grupo fez visitas dirigidas a diversos setores e\nunidades de atendimento tendo um conhecimento mais localizado do sistema num\ntodo desde a parte administrativa at\u00e9 o atendimento do usu\u00e1rio.<\/p>\n","protected":false},"excerpt":{"rendered":"<p>Alunos do Curso de Medicina da UNIJU\u00cd vieram conhecer o Sistema de Sa\u00fade de Santa&#8230;<\/p>\n","protected":false},"author":11,"featured_media":12810,"comment_status":"open","ping_status":"open","sticky":false,"template":"","format":"standard","meta":{"footnotes":""},"categories":[2],"tags":[],"_links":{"self":[{"href":"https:\/\/www.fumssar.com.br\/index.php?rest_route=\/wp\/v2\/posts\/12809"}],"collection":[{"href":"https:\/\/www.fumssar.com.br\/index.php?rest_route=\/wp\/v2\/posts"}],"about":[{"href":"https:\/\/www.fumssar.com.br\/index.php?rest_route=\/wp\/v2\/types\/post"}],"author":[{"embeddable":true,"href":"https:\/\/www.fumssar.com.br\/index.php?rest_route=\/wp\/v2\/users\/11"}],"replies":[{"embeddable":true,"href":"https:\/\/www.fumssar.com.br\/index.php?rest_route=%2Fwp%2Fv2%2Fcomments&post=12809"}],"version-history":[{"count":1,"href":"https:\/\/www.fumssar.com.br\/index.php?rest_route=\/wp\/v2\/posts\/12809\/revisions"}],"predecessor-version":[{"id":12811,"href":"https:\/\/www.fumssar.com.br\/index.php?rest_route=\/wp\/v2\/posts\/12809\/revisions\/12811"}],"wp:featuredmedia":[{"embeddable":true,"href":"https:\/\/www.fumssar.com.br\/index.php?rest_route=\/wp\/v2\/media\/12810"}],"wp:attachment":[{"href":"https:\/\/www.fumssar.com.br\/index.php?rest_route=%2Fwp%2Fv2%2Fmedia&parent=12809"}],"wp:term":[{"taxonomy":"category","embeddable":true,"href":"https:\/\/www.fumssar.com.br\/index.php?rest_route=%2Fwp%2Fv2%2Fcategories&post=12809"},{"taxonomy":"post_tag","embeddable":true,"href":"https:\/\/www.fumssar.com.br\/index.php?rest_route=%2Fwp%2Fv2%2Ftags&post=12809"}],"curies":[{"name":"wp","href":"https:\/\/api.w.org\/{rel}","templated":true}]}}