{"id":12778,"date":"2019-06-13T16:47:34","date_gmt":"2019-06-13T18:47:34","guid":{"rendered":"http:\/\/www.fumssar.com.br\/?p=12778"},"modified":"2024-10-07T16:34:58","modified_gmt":"2024-10-07T19:34:58","slug":"direcao-da-fumssar-participou-de-palestra-com-jacob-petry","status":"publish","type":"post","link":"https:\/\/www.fumssar.com.br\/?p=12778","title":{"rendered":"Dire\u00e7\u00e3o da FUMSSAR participou de palestra com Jacob Petry"},"content":{"rendered":"\n<p>Um evento realizado na manh\u00e3 de quinta-feira, 13\/6, &nbsp;na Prefeitura de Santa Rosa onde ocorreu uma\npalestra com o Jornalista e escritor Jacob Petry, foi acompanhada por\nintegrantes da Funda\u00e7\u00e3o Municipal de Sa\u00fade de Santa Rosa-FUMSSAR.<\/p>\n\n\n\n<p>&nbsp;&nbsp;&nbsp;&nbsp;&nbsp;&nbsp;&nbsp;&nbsp;&nbsp;&nbsp;&nbsp; O Presidente\nD\u00e9lcio Stefan e o diretor de Gest\u00e3o Administrativa Rog\u00e9rio Silva Santos acompanharam\no evento onde o palestrante abordou o tema \u201cPoder Pessoal\u201d, tratando sobre\nescolhas pessoais&nbsp; e suas&nbsp; implica\u00e7\u00f5es no modo de pensar.<\/p>\n\n\n\n<p>&nbsp;&nbsp;&nbsp;&nbsp;&nbsp;&nbsp;&nbsp;&nbsp;&nbsp;&nbsp;&nbsp; D\u00e9lcio e\nRog\u00e9rio&nbsp; destacaram que foi muito\nproveitosa a a participa\u00e7\u00e3o no evento, tendo em vista a propriedade com que o\npalestrante tratou do tema.<\/p>\n","protected":false},"excerpt":{"rendered":"<p>Um evento realizado na manh\u00e3 de quinta-feira, 13\/6, &nbsp;na Prefeitura de Santa Rosa onde ocorreu&#8230;<\/p>\n","protected":false},"author":11,"featured_media":12779,"comment_status":"open","ping_status":"open","sticky":false,"template":"","format":"standard","meta":{"footnotes":""},"categories":[2],"tags":[],"_links":{"self":[{"href":"https:\/\/www.fumssar.com.br\/index.php?rest_route=\/wp\/v2\/posts\/12778"}],"collection":[{"href":"https:\/\/www.fumssar.com.br\/index.php?rest_route=\/wp\/v2\/posts"}],"about":[{"href":"https:\/\/www.fumssar.com.br\/index.php?rest_route=\/wp\/v2\/types\/post"}],"author":[{"embeddable":true,"href":"https:\/\/www.fumssar.com.br\/index.php?rest_route=\/wp\/v2\/users\/11"}],"replies":[{"embeddable":true,"href":"https:\/\/www.fumssar.com.br\/index.php?rest_route=%2Fwp%2Fv2%2Fcomments&post=12778"}],"version-history":[{"count":1,"href":"https:\/\/www.fumssar.com.br\/index.php?rest_route=\/wp\/v2\/posts\/12778\/revisions"}],"predecessor-version":[{"id":12780,"href":"https:\/\/www.fumssar.com.br\/index.php?rest_route=\/wp\/v2\/posts\/12778\/revisions\/12780"}],"wp:featuredmedia":[{"embeddable":true,"href":"https:\/\/www.fumssar.com.br\/index.php?rest_route=\/wp\/v2\/media\/12779"}],"wp:attachment":[{"href":"https:\/\/www.fumssar.com.br\/index.php?rest_route=%2Fwp%2Fv2%2Fmedia&parent=12778"}],"wp:term":[{"taxonomy":"category","embeddable":true,"href":"https:\/\/www.fumssar.com.br\/index.php?rest_route=%2Fwp%2Fv2%2Fcategories&post=12778"},{"taxonomy":"post_tag","embeddable":true,"href":"https:\/\/www.fumssar.com.br\/index.php?rest_route=%2Fwp%2Fv2%2Ftags&post=12778"}],"curies":[{"name":"wp","href":"https:\/\/api.w.org\/{rel}","templated":true}]}}