{"id":12743,"date":"2019-06-12T16:19:28","date_gmt":"2019-06-12T18:19:28","guid":{"rendered":"http:\/\/www.fumssar.com.br\/?p=12743"},"modified":"2019-07-04T17:28:37","modified_gmt":"2019-07-04T19:28:37","slug":"dispensa-de-licitacao-no09-2019","status":"publish","type":"post","link":"https:\/\/www.fumssar.com.br\/?p=12743","title":{"rendered":"DISPENSA DE LICITA\u00c7\u00c3O N\u00ba09\/2019"},"content":{"rendered":"\n<p><strong>EDITAL N\u00ba 09\/2019<\/strong><\/p>\n\n\n\n<p><strong>DISPENSA DE\nLICITA\u00c7\u00c3O<\/strong><\/p>\n\n\n\n<p><strong>CONTRATANTE:\n<\/strong>Funda\u00e7\u00e3o Municipal de Sa\u00fade de Santa Rosa \u2013 FUMSSAR<\/p>\n\n\n\n<p><strong>CONTRATADO:\n<\/strong>Clinica M\u00e9dica AMES LTDA<\/p>\n\n\n\n<p><strong>CNPJ: <\/strong>26.322.648\/0001-78<\/p>\n\n\n\n<p><strong>VALOR: <\/strong>R$11.840,00(onze\nmil oitocentos e quarenta reais)<\/p>\n\n\n\n<p><strong>PROCESSO\nADMINISTRATIVO N.\u00ba<\/strong>: 669\/2019 de 02\/04\/2019<\/p>\n\n\n\n<p><strong>OBJETO<\/strong>: Contrata\u00e7\u00e3o da Cl\u00ednica M\u00e9dica Ames LTDA para an\u00e1lise\npericial de pedidos de aposentadoria especial de servidores estatut\u00e1rios da\nFunda\u00e7\u00e3o Municipal de Sa\u00fade de Santa Rosa de acordo com a S\u00famula Vinculante que\ndetermina a aplicabilidade das regras do regime geral da Previd\u00eancia Social\npara aposentadoria especial ao servidor p\u00fablico, conforme artigo 40, \u00a74\u00ba,\ninciso III Constitui\u00e7\u00e3o Federal, at\u00e9 a edi\u00e7\u00e3o de Lei Complementar espec\u00edfica.<\/p>\n\n\n\n<p><strong>FUNDAMENTO\nLEGAL: <\/strong>Com base no art. 24, inc. II, da Lei Federal\nn.\u00ba 8.666\/93 e suas altera\u00e7\u00f5es posteriores.<\/p>\n\n\n\n<p>Santa Rosa, 31 de maio de 2019.<\/p>\n\n\n\n<figure class=\"wp-block-image\"><img decoding=\"async\" src=\"\" alt=\"Caixa de texto: ______________________________\nRog\u00e9rio Silva dos Santos\nDiretor Administrativo da FUMSSAR\t\n\n\" \/><\/figure>\n","protected":false},"excerpt":{"rendered":"<p>EDITAL N\u00ba 09\/2019 DISPENSA DE LICITA\u00c7\u00c3O CONTRATANTE: Funda\u00e7\u00e3o Municipal de Sa\u00fade de Santa Rosa \u2013&#8230;<\/p>\n","protected":false},"author":26,"featured_media":0,"comment_status":"open","ping_status":"open","sticky":false,"template":"","format":"standard","meta":{"footnotes":""},"categories":[116],"tags":[],"_links":{"self":[{"href":"https:\/\/www.fumssar.com.br\/index.php?rest_route=\/wp\/v2\/posts\/12743"}],"collection":[{"href":"https:\/\/www.fumssar.com.br\/index.php?rest_route=\/wp\/v2\/posts"}],"about":[{"href":"https:\/\/www.fumssar.com.br\/index.php?rest_route=\/wp\/v2\/types\/post"}],"author":[{"embeddable":true,"href":"https:\/\/www.fumssar.com.br\/index.php?rest_route=\/wp\/v2\/users\/26"}],"replies":[{"embeddable":true,"href":"https:\/\/www.fumssar.com.br\/index.php?rest_route=%2Fwp%2Fv2%2Fcomments&post=12743"}],"version-history":[{"count":2,"href":"https:\/\/www.fumssar.com.br\/index.php?rest_route=\/wp\/v2\/posts\/12743\/revisions"}],"predecessor-version":[{"id":12812,"href":"https:\/\/www.fumssar.com.br\/index.php?rest_route=\/wp\/v2\/posts\/12743\/revisions\/12812"}],"wp:attachment":[{"href":"https:\/\/www.fumssar.com.br\/index.php?rest_route=%2Fwp%2Fv2%2Fmedia&parent=12743"}],"wp:term":[{"taxonomy":"category","embeddable":true,"href":"https:\/\/www.fumssar.com.br\/index.php?rest_route=%2Fwp%2Fv2%2Fcategories&post=12743"},{"taxonomy":"post_tag","embeddable":true,"href":"https:\/\/www.fumssar.com.br\/index.php?rest_route=%2Fwp%2Fv2%2Ftags&post=12743"}],"curies":[{"name":"wp","href":"https:\/\/api.w.org\/{rel}","templated":true}]}}