{"id":12733,"date":"2019-06-06T18:23:49","date_gmt":"2019-06-06T20:23:49","guid":{"rendered":"http:\/\/www.fumssar.com.br\/?p=12733"},"modified":"2019-06-06T18:23:50","modified_gmt":"2019-06-06T20:23:50","slug":"retificacao-do-edital-no14-2019","status":"publish","type":"post","link":"https:\/\/www.fumssar.com.br\/?p=12733","title":{"rendered":"RETIFICA\u00c7\u00c3O DO EDITAL n\u00ba14\/2019"},"content":{"rendered":"\n<p><strong>ESCLARECIMENTO &nbsp;DO EDITAL DE LICITA\u00c7\u00c3O \u2013 MODALIDADE PREG\u00c3O\nPRESENCIAL<\/strong><\/p>\n\n\n\n<p><strong>PROCESSO N\u00ba: 38 de 08\/01\/2019<\/strong><\/p>\n\n\n\n<p><strong>PREG\u00c3O PRESENCIAL N\u00ba 14\/2019<\/strong><\/p>\n\n\n\n<p><strong>DATA ABERTURA: 11\/06\/2019\n\u2013 08 horas <\/strong><\/p>\n\n\n\n<p><strong>OBJETO:\n<\/strong>REGISTRO\nDE PRE\u00c7OS para futura aquisi\u00e7\u00e3o de reagentes\ne comodato de equipamentos a serem utilizados no Hemocentro Regional de Santa\nRosa e no Laborat\u00f3rio de An\u00e1lises Cl\u00ednicas da Fumssar.<\/p>\n\n\n\n<p><strong>I <\/strong>\u2013 Fica esclarecido que no Edital do Preg\u00e3o Presencial n\u00ba 14\/2019,\nProcesso n\u00ba 38\/2019, da Funda\u00e7\u00e3o Municipal de Sa\u00fade de Santa Rosa \u2013 RS, passando\npara a seguinte reda\u00e7\u00e3o na <strong>DOCUMENTA\u00c7\u00c3O GERAL (TODOS PARTICIPANTES):<\/strong><\/p>\n\n\n\n<p><strong>Onde l\u00ea-se:<\/strong>&nbsp; <\/p>\n\n\n\n<ul><li><strong>3\n(tr\u00eas) atestados de capacidade t\u00e9cnica com validade de no m\u00ednimo 6 meses (que\nestes sejam com data de at\u00e9 6 meses antes da licita\u00e7\u00e3o, exemplo: licita\u00e7\u00e3o em\ndezembro de 2017 e os atestados v\u00e1lidos ser\u00e3o aqueles que tiverem data de julho\nde 2017 at\u00e9 dezembro de 2017) e que sejam no m\u00ednimo 3 atestados. N\u00e3o ser\u00e3o\naceitos atestados do pr\u00f3prio Hemosar.<\/strong><\/li><\/ul>\n\n\n\n<p><strong>Leia-se:<\/strong><\/p>\n\n\n\n<ul><li><strong>3 (tr\u00eas) atestados de capacidade t\u00e9cnica. N\u00e3o ser\u00e3o aceitos\natestados do pr\u00f3prio Hemosar<\/strong>.<\/li><\/ul>\n\n\n\n<p>Santa Rosa, 06 de junho de 2019.<\/p>\n\n\n\n<p>Rog\u00e9rio Silva dos Santos<\/p>\n\n\n\n<p>Diretor de Gest\u00e3o\nAdministrativa<\/p>\n","protected":false},"excerpt":{"rendered":"<p>ESCLARECIMENTO &nbsp;DO EDITAL DE LICITA\u00c7\u00c3O \u2013 MODALIDADE PREG\u00c3O PRESENCIAL PROCESSO N\u00ba: 38 de 08\/01\/2019 PREG\u00c3O&#8230;<\/p>\n","protected":false},"author":26,"featured_media":0,"comment_status":"open","ping_status":"open","sticky":false,"template":"","format":"standard","meta":{"footnotes":""},"categories":[118],"tags":[],"_links":{"self":[{"href":"https:\/\/www.fumssar.com.br\/index.php?rest_route=\/wp\/v2\/posts\/12733"}],"collection":[{"href":"https:\/\/www.fumssar.com.br\/index.php?rest_route=\/wp\/v2\/posts"}],"about":[{"href":"https:\/\/www.fumssar.com.br\/index.php?rest_route=\/wp\/v2\/types\/post"}],"author":[{"embeddable":true,"href":"https:\/\/www.fumssar.com.br\/index.php?rest_route=\/wp\/v2\/users\/26"}],"replies":[{"embeddable":true,"href":"https:\/\/www.fumssar.com.br\/index.php?rest_route=%2Fwp%2Fv2%2Fcomments&post=12733"}],"version-history":[{"count":1,"href":"https:\/\/www.fumssar.com.br\/index.php?rest_route=\/wp\/v2\/posts\/12733\/revisions"}],"predecessor-version":[{"id":12734,"href":"https:\/\/www.fumssar.com.br\/index.php?rest_route=\/wp\/v2\/posts\/12733\/revisions\/12734"}],"wp:attachment":[{"href":"https:\/\/www.fumssar.com.br\/index.php?rest_route=%2Fwp%2Fv2%2Fmedia&parent=12733"}],"wp:term":[{"taxonomy":"category","embeddable":true,"href":"https:\/\/www.fumssar.com.br\/index.php?rest_route=%2Fwp%2Fv2%2Fcategories&post=12733"},{"taxonomy":"post_tag","embeddable":true,"href":"https:\/\/www.fumssar.com.br\/index.php?rest_route=%2Fwp%2Fv2%2Ftags&post=12733"}],"curies":[{"name":"wp","href":"https:\/\/api.w.org\/{rel}","templated":true}]}}