{"id":12553,"date":"2019-05-16T15:29:43","date_gmt":"2019-05-16T17:29:43","guid":{"rendered":"http:\/\/www.fumssar.com.br\/?p=12553"},"modified":"2024-10-07T16:34:59","modified_gmt":"2024-10-07T19:34:59","slug":"comunidade-da-linha-15-de-novembro-recebeu-o-dia-do-povo","status":"publish","type":"post","link":"https:\/\/www.fumssar.com.br\/?p=12553","title":{"rendered":"Comunidade da Linha 15 de Novembro recebeu o Dia do Povo"},"content":{"rendered":"\n<p>O\n Governo Municipal atrav\u00e9s da Superintend\u00eancia Geral de Governan\u00e7a e \nSecretaria de Desenvolvimento da Infraestrutura Rural realizou na \nquarta-feira, 15, o Dia do Povo no sal\u00e3o da Igreja Evang\u00e9lica \nCongregacional, na comunidade da Linha 15 de Novembro. Na abertura do \nevento, al\u00e9m dos pronunciamentos das autoridades, tamb\u00e9m teve a \nbrilhante apresenta\u00e7\u00e3o do coral da Igreja.<br><\/p>\n\n\n\n<p>Durante\n o Dia do Povo foi realizado a inaugura\u00e7\u00e3o da Academia Aberta, entregue a\n comunidade oficialmente pelo Prefeito Alcides Vicini, o Vice-prefeito \nLuis Ant\u00f4nio Benvegn\u00fa, e o Presidente da Funssar Anderson Mantei e \nsimbolicamente recebida pela senhora Valtraud Astrid Albrecht e pelo \nsenhor Reneldo Racho de fam\u00edlias tradicionais da comunidade. Segundo o \nGerente de Articula\u00e7\u00e3o Comunit\u00e1ria Rural, Marcos Ant\u00f4nio Silva , a \nacademia aberta foi constru\u00edda gra\u00e7as a parceria entre a Prefeitura \nMunicipal e a Comunidade, onde um morador cedeu um espa\u00e7o para a \nconstru\u00e7\u00e3o da academia e a comunidade ficou respons\u00e1vel pela constru\u00e7\u00e3o \ndas bases e a Prefeitura disponibilizou o material para constru\u00e7\u00e3o e a \ninstala\u00e7\u00e3o dos equipamentos. Os moradores tamb\u00e9m tiveram \u00e0 disposi\u00e7\u00e3o, \ndistribui\u00e7\u00e3o de mudas de \u00e1rvores e orienta\u00e7\u00f5es sobre os programas \nsociais.<\/p>\n\n\n\n<p>Antecedendo\n o Dia do Povo, diversas atividades foram realizadas, limpeza, pintura \nde cord\u00f5es, capina, conserto de boeiros, ajustes na ilumina\u00e7\u00e3o p\u00fablica, \ninstala\u00e7\u00e3o de placas de tr\u00e2nsito, recolhimento de lixo eletr\u00f4nico e \npneus velhos. A comunidade tamb\u00e9m pode participar da palestra ministrada\n pelo Professor da FEMA, Leandro Steiger que atrav\u00e9s do Programa \nNacional de Promo\u00e7\u00e3o do Acesso ao Mundo do Trabalho, ACESSUAS, abordou o\n tema &#8220;A responsabilidade do Estado e da Fam\u00edlia na Educa\u00e7\u00e3o para com os\n Jovens no Mercado de Trabalho&#8221;. Informa\u00e7\u00f5es com Tenente Primaz da \nBrigada Militar, que passou orienta\u00e7\u00f5es aos moradores do interior, sobre\n seguran\u00e7a e como utilizar os servi\u00e7os da Brigada. Apresenta\u00e7\u00e3o da \nACISAP, ministrada pela Dr\u00aa. Fabiana e a palestra como o tema \u201c \nDepress\u00e3o na Atualidade\u201d, ministrada pelo Vice-prefeito Dr. Luis Ant\u00f4nio\n Benvegn\u00fa.<\/p>\n\n\n\n<p>O\n Pr\u00f3ximo Dia do Povo, Ser\u00e1 realizado no dia 29, de maio, no sal\u00e3o da \nAssocia\u00e7\u00e3o de Moradores da Vila Jardim Petr\u00f3polis das 08h30 \u00e0s 11h.\n&#8212; <br><\/p>\n\n\n\n<pre class=\"wp-block-preformatted\"><em>Assessoria de Comunica\u00e7\u00e3o<\/em><br><em>Prefeitura Municipal de Santa Rosa RS<br><\/em>(55) 3511-5100\/Ramal 205<em><br><\/em><\/pre>\n\n\n\n<figure class=\"wp-block-image\"><img loading=\"lazy\" decoding=\"async\" width=\"1024\" height=\"683\" src=\"http:\/\/www.fumssar.com.br\/wp-content\/uploads\/2019\/05\/Entrega-Academia-1-1024x683.jpg\" alt=\"\" class=\"wp-image-12554\" srcset=\"https:\/\/www.fumssar.com.br\/wp-content\/uploads\/2019\/05\/Entrega-Academia-1-1024x683.jpg 1024w, https:\/\/www.fumssar.com.br\/wp-content\/uploads\/2019\/05\/Entrega-Academia-1-300x200.jpg 300w, https:\/\/www.fumssar.com.br\/wp-content\/uploads\/2019\/05\/Entrega-Academia-1-768x512.jpg 768w, https:\/\/www.fumssar.com.br\/wp-content\/uploads\/2019\/05\/Entrega-Academia-1-675x450.jpg 675w, https:\/\/www.fumssar.com.br\/wp-content\/uploads\/2019\/05\/Entrega-Academia-1.jpg 1920w\" sizes=\"(max-width: 1024px) 100vw, 1024px\" \/><\/figure>\n","protected":false},"excerpt":{"rendered":"<p>O Governo Municipal atrav\u00e9s da Superintend\u00eancia Geral de Governan\u00e7a e Secretaria de Desenvolvimento da Infraestrutura&#8230;<\/p>\n","protected":false},"author":11,"featured_media":0,"comment_status":"open","ping_status":"open","sticky":false,"template":"","format":"standard","meta":{"footnotes":""},"categories":[2],"tags":[],"_links":{"self":[{"href":"https:\/\/www.fumssar.com.br\/index.php?rest_route=\/wp\/v2\/posts\/12553"}],"collection":[{"href":"https:\/\/www.fumssar.com.br\/index.php?rest_route=\/wp\/v2\/posts"}],"about":[{"href":"https:\/\/www.fumssar.com.br\/index.php?rest_route=\/wp\/v2\/types\/post"}],"author":[{"embeddable":true,"href":"https:\/\/www.fumssar.com.br\/index.php?rest_route=\/wp\/v2\/users\/11"}],"replies":[{"embeddable":true,"href":"https:\/\/www.fumssar.com.br\/index.php?rest_route=%2Fwp%2Fv2%2Fcomments&post=12553"}],"version-history":[{"count":1,"href":"https:\/\/www.fumssar.com.br\/index.php?rest_route=\/wp\/v2\/posts\/12553\/revisions"}],"predecessor-version":[{"id":12555,"href":"https:\/\/www.fumssar.com.br\/index.php?rest_route=\/wp\/v2\/posts\/12553\/revisions\/12555"}],"wp:attachment":[{"href":"https:\/\/www.fumssar.com.br\/index.php?rest_route=%2Fwp%2Fv2%2Fmedia&parent=12553"}],"wp:term":[{"taxonomy":"category","embeddable":true,"href":"https:\/\/www.fumssar.com.br\/index.php?rest_route=%2Fwp%2Fv2%2Fcategories&post=12553"},{"taxonomy":"post_tag","embeddable":true,"href":"https:\/\/www.fumssar.com.br\/index.php?rest_route=%2Fwp%2Fv2%2Ftags&post=12553"}],"curies":[{"name":"wp","href":"https:\/\/api.w.org\/{rel}","templated":true}]}}