{"id":12548,"date":"2019-05-16T12:13:52","date_gmt":"2019-05-16T14:13:52","guid":{"rendered":"http:\/\/www.fumssar.com.br\/?p=12548"},"modified":"2024-10-07T16:34:59","modified_gmt":"2024-10-07T19:34:59","slug":"fumssar-garante-9729-dos-medicamentos-nos-postos-de-saude","status":"publish","type":"post","link":"https:\/\/www.fumssar.com.br\/?p=12548","title":{"rendered":"FUMSSAR GARANTE 97,29% DOS MEDICAMENTOS NOS POSTOS DE SA\u00daDE"},"content":{"rendered":"\n<p>Trabalho foi reconhecido e premiado no 31\u00ba Congresso\nEstadual de Secret\u00e1rios Municipais<\/p>\n\n\n\n<p>Ao longo dos anos, na sa\u00fade,\nobservam-se avan\u00e7os significativos na garantia de direitos. Os medicamentos est\u00e3o\ninclusos neste contexto, por\u00e9m registram-se fragilidades que comprometem o\nacesso. Identificando esta fragilidade, a gest\u00e3o local de sa\u00fade desde 2017\nincluiu na agenda de suas prioridades a qualifica\u00e7\u00e3o da assist\u00eancia\nfarmac\u00eautica, visando ampliar a disponibilidade de medicamentos da lista\nb\u00e1sica.<\/p>\n\n\n\n<p>As principais fragilidades\ndetectadas foram no desabastecimento de medicamentos nas unidades de sa\u00fade,\nforam as estruturas f\u00edsicas e organizacionais inadequadas, processos\nlicitat\u00f3rios com descumprimento dos prazos legais, entraves burocr\u00e1ticos nas\naquisi\u00e7\u00f5es dos medicamentos, gerenciamento dos estoques parcialmente\ninformatizados e a necessidade de qualifica\u00e7\u00e3o dos profissionais.<\/p>\n\n\n\n<p>Foi implantado o programa de\naperfei\u00e7oamento de gest\u00e3o, com a qualifica\u00e7\u00e3o nos processos administrativos da\nassist\u00eancia farmac\u00eautica, inclu\u00eddo almoxarifado e Unidade B\u00e1sicas de Sa\u00fade do\nmunic\u00edpio de Santa Rosa.<\/p>\n\n\n\n<p>Segundo Ademir Rosa, Diretor de\nGest\u00e3o Estrat\u00e9gica da FUMSSAR, \u201cquando iniciamos a gest\u00e3o em 2017, uma das\nprimeiras atividades foi responder ao of\u00edcio do Conselho Municipal de Sa\u00fade\nonde solicitava provid\u00eancias da Funda\u00e7\u00e3o quanto \u00e0 falta de medicamentos nas\nUnidades B\u00e1sicas de Sa\u00fade. A partir da\u00ed, desenvolvemos um projeto onde\nconseguimos aumentar a disponibilidade de medicamentos fazendo com que este n\u00e3o\nrefletisse em custo e melhoramos o processo de aquisi\u00e7\u00e3o dos mesmos. T\u00ednhamos o\nproblema de alguns medicamentos que ficavam parados no almoxarifado por\nproblema de notas fiscais, erro de envio do fornecedor, que muitas vezes n\u00e3o\ncumpria o tempo previsto pelo edital. Trabalhamos para que os medicamentos\nestivessem nas UBS na quantidade certa, na hora, local certo e com qualidade\u201d. <\/p>\n\n\n\n<p>Dentro de v\u00e1rias fragilidades\nencontradas&nbsp; dentro do processo estava a\ninformatiza\u00e7\u00e3o que era parcial, n\u00e3o havia um processo de distribui\u00e7\u00e3o adequada,\nproblemas de armazenagem, instala\u00e7\u00f5es deixavam a desejar.<\/p>\n\n\n\n<p>O resultado do projeto mostra\nmelhorias em todos estes processos, com ganhos como: aumento de 70% de\ndisponibilidade, redu\u00e7\u00e3o de 87% na quantidade de medicamentos desperdi\u00e7ados por\nvencimento e todas as unidades trabalhando de uma forma mais organizada e\nconfi\u00e1vel no controle do estoque. Pode ser citado ainda o impacto positivo do\nprojeto, o uso racional de medicamentos, pois hoje \u00e9 distribu\u00eddo os medicamentos\napenas para 30 dias e n\u00e3o mais&nbsp; para\nquatro meses.<\/p>\n\n\n\n<p>O Diretor salienta ainda, que o\nmais importante do que qualquer premia\u00e7\u00e3o, \u00e9 saber do reconhecimento pelo\ntrabalho, e principalmente porque sabemos que isto muda e melhora a qualidade\nde vida das pessoas, e isso \u00e9 que nos motiva a cada dia a desempenharmos a\nnossa fun\u00e7\u00e3o em busca de melhorias cont\u00ednuas dentro dos processos\u201d.<\/p>\n\n\n\n<p>\u201cParabenizo a equipe pelo\ntrabalho e refor\u00e7o que \u00e9 um compromisso da gest\u00e3o a entrega de medicamentos aos\nusu\u00e1rios\u201d, Anderson Mantei, presidente Funda\u00e7\u00e3o Municipal da Sa\u00fade.<\/p>\n\n\n\n<figure class=\"wp-block-embed-wordpress wp-block-embed is-type-wp-embed is-provider-jornal-gazeta\"><div class=\"wp-block-embed__wrapper\">\nhttps:\/\/jornalgazeta.com.br\/fumssar-garante-9729-dos-medicamentos-nos-postos-de-saude\/\n<\/div><\/figure>\n","protected":false},"excerpt":{"rendered":"<p>Trabalho foi reconhecido e premiado no 31\u00ba Congresso Estadual de Secret\u00e1rios Municipais Ao longo dos&#8230;<\/p>\n","protected":false},"author":11,"featured_media":0,"comment_status":"open","ping_status":"open","sticky":false,"template":"","format":"standard","meta":{"footnotes":""},"categories":[2],"tags":[],"_links":{"self":[{"href":"https:\/\/www.fumssar.com.br\/index.php?rest_route=\/wp\/v2\/posts\/12548"}],"collection":[{"href":"https:\/\/www.fumssar.com.br\/index.php?rest_route=\/wp\/v2\/posts"}],"about":[{"href":"https:\/\/www.fumssar.com.br\/index.php?rest_route=\/wp\/v2\/types\/post"}],"author":[{"embeddable":true,"href":"https:\/\/www.fumssar.com.br\/index.php?rest_route=\/wp\/v2\/users\/11"}],"replies":[{"embeddable":true,"href":"https:\/\/www.fumssar.com.br\/index.php?rest_route=%2Fwp%2Fv2%2Fcomments&post=12548"}],"version-history":[{"count":1,"href":"https:\/\/www.fumssar.com.br\/index.php?rest_route=\/wp\/v2\/posts\/12548\/revisions"}],"predecessor-version":[{"id":12549,"href":"https:\/\/www.fumssar.com.br\/index.php?rest_route=\/wp\/v2\/posts\/12548\/revisions\/12549"}],"wp:attachment":[{"href":"https:\/\/www.fumssar.com.br\/index.php?rest_route=%2Fwp%2Fv2%2Fmedia&parent=12548"}],"wp:term":[{"taxonomy":"category","embeddable":true,"href":"https:\/\/www.fumssar.com.br\/index.php?rest_route=%2Fwp%2Fv2%2Fcategories&post=12548"},{"taxonomy":"post_tag","embeddable":true,"href":"https:\/\/www.fumssar.com.br\/index.php?rest_route=%2Fwp%2Fv2%2Ftags&post=12548"}],"curies":[{"name":"wp","href":"https:\/\/api.w.org\/{rel}","templated":true}]}}