{"id":1252,"date":"2014-04-09T12:21:09","date_gmt":"2014-04-09T12:21:09","guid":{"rendered":"http:\/\/www.fumssar.com.br\/?p=1252"},"modified":"2024-10-07T16:36:20","modified_gmt":"2024-10-07T19:36:20","slug":"tecnicos-da-fumssar-conheceram-as-dependencias-da-upa","status":"publish","type":"post","link":"https:\/\/www.fumssar.com.br\/?p=1252","title":{"rendered":"T\u00e9cnicos da FUMSSAR conheceram as depend\u00eancias da UPA"},"content":{"rendered":"<p><a href=\"http:\/\/www.fumssar.com.br\/wp-content\/uploads\/2014\/04\/DSCN6401.jpg\"><img loading=\"lazy\" decoding=\"async\" src=\"http:\/\/www.fumssar.com.br\/wp-content\/uploads\/2014\/04\/DSCN6401-300x224.jpg\" alt=\"DSCN6401\" width=\"300\" height=\"224\" class=\"alignnone size-medium wp-image-1253\" srcset=\"https:\/\/www.fumssar.com.br\/wp-content\/uploads\/2014\/04\/DSCN6401-300x224.jpg 300w, https:\/\/www.fumssar.com.br\/wp-content\/uploads\/2014\/04\/DSCN6401.jpg 448w\" sizes=\"(max-width: 300px) 100vw, 300px\" \/><\/a>Os t\u00e9cnicos de n\u00edvel superior da Funda\u00e7\u00e3o Municipal de Sa\u00fade estiveram na tarde desta ter\u00e7a-feira, (8) conhecendo as depend\u00eancias da Unidade de Pronto-atendimento. Na ocasi\u00e3o, cada setor da edifica\u00e7\u00e3o foi apresentada aos visitantes bem como o funcionamento de cada um. A equipe realiza uma reuni\u00e3o mensal de trabalho e este m\u00eas foi realizada na UPA para que os mesmos conhecessem o local. O Presidente da Funda\u00e7\u00e3o Municipal de Sa\u00fade Dr. Lu\u00eds Ant\u00f4nio Benvegn\u00fa destacou aos servidores que a UPA mesmo sendo terceirizados os servi\u00e7os ela ir\u00e1 tender somente pacientes do SUS, e ser\u00e1 mais uma unidade da rede b\u00e1sica de sa\u00fade. O Presidente destacou ainda que existem muitos projetos ainda que possam  ser implantados no sistema de sa\u00fade do munic\u00edpio incluindo a UPA e,que a proposta \u00e9 de que o servi\u00e7o seja informatizado interagindo com a rede b\u00e1sica, desta forma os usu\u00e1rios poder\u00e3o receber um atendimento pelo m\u00e9dico da unidade com informa\u00e7\u00f5es vindas da UPA, quando da passagem do paciente pelo servi\u00e7o de emerg\u00eancia.\t<\/p>\n","protected":false},"excerpt":{"rendered":"<p>Os t\u00e9cnicos de n\u00edvel superior da Funda\u00e7\u00e3o Municipal de Sa\u00fade estiveram na tarde desta ter\u00e7a-feira,&#8230;<\/p>\n","protected":false},"author":11,"featured_media":1254,"comment_status":"open","ping_status":"open","sticky":false,"template":"","format":"standard","meta":{"footnotes":""},"categories":[2],"tags":[],"_links":{"self":[{"href":"https:\/\/www.fumssar.com.br\/index.php?rest_route=\/wp\/v2\/posts\/1252"}],"collection":[{"href":"https:\/\/www.fumssar.com.br\/index.php?rest_route=\/wp\/v2\/posts"}],"about":[{"href":"https:\/\/www.fumssar.com.br\/index.php?rest_route=\/wp\/v2\/types\/post"}],"author":[{"embeddable":true,"href":"https:\/\/www.fumssar.com.br\/index.php?rest_route=\/wp\/v2\/users\/11"}],"replies":[{"embeddable":true,"href":"https:\/\/www.fumssar.com.br\/index.php?rest_route=%2Fwp%2Fv2%2Fcomments&post=1252"}],"version-history":[{"count":3,"href":"https:\/\/www.fumssar.com.br\/index.php?rest_route=\/wp\/v2\/posts\/1252\/revisions"}],"predecessor-version":[{"id":1257,"href":"https:\/\/www.fumssar.com.br\/index.php?rest_route=\/wp\/v2\/posts\/1252\/revisions\/1257"}],"wp:featuredmedia":[{"embeddable":true,"href":"https:\/\/www.fumssar.com.br\/index.php?rest_route=\/wp\/v2\/media\/1254"}],"wp:attachment":[{"href":"https:\/\/www.fumssar.com.br\/index.php?rest_route=%2Fwp%2Fv2%2Fmedia&parent=1252"}],"wp:term":[{"taxonomy":"category","embeddable":true,"href":"https:\/\/www.fumssar.com.br\/index.php?rest_route=%2Fwp%2Fv2%2Fcategories&post=1252"},{"taxonomy":"post_tag","embeddable":true,"href":"https:\/\/www.fumssar.com.br\/index.php?rest_route=%2Fwp%2Fv2%2Ftags&post=1252"}],"curies":[{"name":"wp","href":"https:\/\/api.w.org\/{rel}","templated":true}]}}