{"id":1243,"date":"2014-04-07T13:41:29","date_gmt":"2014-04-07T13:41:29","guid":{"rendered":"http:\/\/www.fumssar.com.br\/?p=1243"},"modified":"2024-10-07T16:36:20","modified_gmt":"2024-10-07T19:36:20","slug":"fumssar-lembra-o-dia-mundial-da-saude","status":"publish","type":"post","link":"https:\/\/www.fumssar.com.br\/?p=1243","title":{"rendered":"FUMSSAR lembra o Dia Mundial da Sa\u00fade"},"content":{"rendered":"<p>Na data de 07 de abril comemora-se o Dia Mundial da Sa\u00fade pela OMS- Organiza\u00e7\u00e3o Mundial da Sa\u00fade, data que tamb\u00e9m marca a funda\u00e7\u00e3o da entidade. Este ano a data dedica o tema \u201cPequenas Picadas Grandes Amea\u00e7as\u201d- Proteja-se Contra Doen\u00e7as Transmitidas por Vetores. A Entidade alerta para a prote\u00e7\u00e3o contra insetos transmissores de doen\u00e7as que s\u00e3o muitos, segundo estudos mais da metade da popula\u00e7\u00e3o tem risco de doen\u00e7as transmitidas por vetores.<br \/>\n\tEm Santa Rosa na Funda\u00e7\u00e3o Municipal da Sa\u00fade a data foi lembrada com uma avalia\u00e7\u00e3o positiva sobre o tema, tendo em vista que n\u00e3o houve at\u00e9 o momento nenhum registro de caso de dengue no munic\u00edpio doen\u00e7a esta que \u00e9 transmitida por mosquito.  O Dr. Lu\u00eds Ant\u00f4nio Benvegn\u00fa Presidente da FUMSSAR destacou que a preocupa\u00e7\u00e3o com a sa\u00fade deve ser uma rotina di\u00e1ria de toda a popula\u00e7\u00e3o. Ele relatou ainda que nos \u00faltimos tempos houve um aumento significativo na qualidade de vida, com investimentos em a\u00e7\u00f5es preventivas que fazem com que as pessoas vivam mais tempo com sa\u00fade, tanto nos cuidados alimentares, h\u00e1bitos saud\u00e1veis e atividades f\u00edsicas elevam o bem estar do cidad\u00e3o e desta forma aumentam a expectativa de vida.<br \/>\n\tNa rede b\u00e1sica de sa\u00fade do munic\u00edpio existem muitas a\u00e7\u00f5es preventivas tais como: Atividades f\u00edsicas orientadas, Grupos de Hipertensos, Nutri\u00e7\u00e3o, terap\u00eauticos, gestantes, tabagismo entre outros, desta forma a preven\u00e7\u00e3o entra como um forte mecanismo na qualidade de vida da comunidade.<\/p>\n","protected":false},"excerpt":{"rendered":"<p>Na data de 07 de abril comemora-se o Dia Mundial da Sa\u00fade pela OMS- Organiza\u00e7\u00e3o&#8230;<\/p>\n","protected":false},"author":11,"featured_media":1245,"comment_status":"open","ping_status":"open","sticky":false,"template":"","format":"standard","meta":{"footnotes":""},"categories":[2,1],"tags":[],"_links":{"self":[{"href":"https:\/\/www.fumssar.com.br\/index.php?rest_route=\/wp\/v2\/posts\/1243"}],"collection":[{"href":"https:\/\/www.fumssar.com.br\/index.php?rest_route=\/wp\/v2\/posts"}],"about":[{"href":"https:\/\/www.fumssar.com.br\/index.php?rest_route=\/wp\/v2\/types\/post"}],"author":[{"embeddable":true,"href":"https:\/\/www.fumssar.com.br\/index.php?rest_route=\/wp\/v2\/users\/11"}],"replies":[{"embeddable":true,"href":"https:\/\/www.fumssar.com.br\/index.php?rest_route=%2Fwp%2Fv2%2Fcomments&post=1243"}],"version-history":[{"count":1,"href":"https:\/\/www.fumssar.com.br\/index.php?rest_route=\/wp\/v2\/posts\/1243\/revisions"}],"predecessor-version":[{"id":1246,"href":"https:\/\/www.fumssar.com.br\/index.php?rest_route=\/wp\/v2\/posts\/1243\/revisions\/1246"}],"wp:featuredmedia":[{"embeddable":true,"href":"https:\/\/www.fumssar.com.br\/index.php?rest_route=\/wp\/v2\/media\/1245"}],"wp:attachment":[{"href":"https:\/\/www.fumssar.com.br\/index.php?rest_route=%2Fwp%2Fv2%2Fmedia&parent=1243"}],"wp:term":[{"taxonomy":"category","embeddable":true,"href":"https:\/\/www.fumssar.com.br\/index.php?rest_route=%2Fwp%2Fv2%2Fcategories&post=1243"},{"taxonomy":"post_tag","embeddable":true,"href":"https:\/\/www.fumssar.com.br\/index.php?rest_route=%2Fwp%2Fv2%2Ftags&post=1243"}],"curies":[{"name":"wp","href":"https:\/\/api.w.org\/{rel}","templated":true}]}}