{"id":1219,"date":"2014-04-03T20:13:39","date_gmt":"2014-04-03T20:13:39","guid":{"rendered":"http:\/\/www.fumssar.com.br\/?p=1219"},"modified":"2024-10-07T16:36:20","modified_gmt":"2024-10-07T19:36:20","slug":"cerest-realizou-pre-conferencia-em-saude-do-trabalhador","status":"publish","type":"post","link":"https:\/\/www.fumssar.com.br\/?p=1219","title":{"rendered":"CEREST realizou Pr\u00e9-confer\u00eancia em Sa\u00fade do Trabalhador"},"content":{"rendered":"<p><a href=\"http:\/\/www.fumssar.com.br\/wp-content\/uploads\/2014\/04\/DSCN6334.jpg\"><img loading=\"lazy\" decoding=\"async\" src=\"http:\/\/www.fumssar.com.br\/wp-content\/uploads\/2014\/04\/DSCN6334-300x225.jpg\" alt=\"DSCN6334\" width=\"300\" height=\"225\" class=\"alignnone size-medium wp-image-1220\" srcset=\"https:\/\/www.fumssar.com.br\/wp-content\/uploads\/2014\/04\/DSCN6334-300x225.jpg 300w, https:\/\/www.fumssar.com.br\/wp-content\/uploads\/2014\/04\/DSCN6334.jpg 640w\" sizes=\"(max-width: 300px) 100vw, 300px\" \/><\/a><a href=\"http:\/\/www.fumssar.com.br\/wp-content\/uploads\/2014\/04\/DSCN6335.jpg\"><img loading=\"lazy\" decoding=\"async\" src=\"http:\/\/www.fumssar.com.br\/wp-content\/uploads\/2014\/04\/DSCN6335-300x225.jpg\" alt=\"DSCN6335\" width=\"300\" height=\"225\" class=\"alignnone size-medium wp-image-1221\" srcset=\"https:\/\/www.fumssar.com.br\/wp-content\/uploads\/2014\/04\/DSCN6335-300x225.jpg 300w, https:\/\/www.fumssar.com.br\/wp-content\/uploads\/2014\/04\/DSCN6335.jpg 640w\" sizes=\"(max-width: 300px) 100vw, 300px\" \/><\/a>O evento foi realizado na quinta-feira, (03), e teve uma participa\u00e7\u00e3o expressiva de p\u00fablico. A Pr\u00e9-confer\u00eancia foi organizada pelo Centro Regional de Refer\u00eancia em Sa\u00fade do Trabalhador da Regi\u00e3o Fronteira Noroeste com sede em Santa Rosa e teve como objetivo buscar uma integra\u00e7\u00e3o de a\u00e7\u00f5es do CEREST-Santa Rosa.<br \/>\n\tAp\u00f3s a abertura oficial na parte da manh\u00e3 palestras de alto n\u00edvel foram assistidas pelo p\u00fablico presente que foram as seguintes: \u201cPrincipais Causas de Adoecimento dos Trabalhadores; Benef\u00edcios Previdenci\u00e1rios\u201d. Ministrada pelo M\u00e9dico Perito do INSS, Dr. Alexsander Kucharski; \u201cPesquisas em Sa\u00fade do Trabalhador-Import\u00e2ncia de A\u00e7\u00f5es Interinstitucionais\u201d. Ministrada pelo Enfermeiro  e Professor Paulo Fabio Pereira;  \u201c O Desenvolvimento S\u00f3cioecon\u00f4mico  Agr\u00e1rio e os Reflexos na sa\u00fade do trabalhador\u201d. Ministrada Pela Engenheira Agr\u00f4noma e Professora Cinei Riffel; \u201cAlternativas de Produ\u00e7\u00e3o e Import\u00e2ncia da Educa\u00e7\u00e3o Informal aos Trabalhadores Rurais\u201d. Ministrada pelo Engenheiro Agr\u00f4nomo Amauri Coracini. Na parte da tarde foram realizados grupos de discuss\u00f5es visando fazer um levantamento de propostas para serem levadas para debate na Confer\u00eancia Macrorregional que ocorrer\u00e1 em maio deste ano em Santa Rosa tamb\u00e9m.<\/p>\n","protected":false},"excerpt":{"rendered":"<p>O evento foi realizado na quinta-feira, (03), e teve uma participa\u00e7\u00e3o expressiva de p\u00fablico. A&#8230;<\/p>\n","protected":false},"author":11,"featured_media":1222,"comment_status":"open","ping_status":"open","sticky":false,"template":"","format":"standard","meta":{"footnotes":""},"categories":[2],"tags":[],"_links":{"self":[{"href":"https:\/\/www.fumssar.com.br\/index.php?rest_route=\/wp\/v2\/posts\/1219"}],"collection":[{"href":"https:\/\/www.fumssar.com.br\/index.php?rest_route=\/wp\/v2\/posts"}],"about":[{"href":"https:\/\/www.fumssar.com.br\/index.php?rest_route=\/wp\/v2\/types\/post"}],"author":[{"embeddable":true,"href":"https:\/\/www.fumssar.com.br\/index.php?rest_route=\/wp\/v2\/users\/11"}],"replies":[{"embeddable":true,"href":"https:\/\/www.fumssar.com.br\/index.php?rest_route=%2Fwp%2Fv2%2Fcomments&post=1219"}],"version-history":[{"count":2,"href":"https:\/\/www.fumssar.com.br\/index.php?rest_route=\/wp\/v2\/posts\/1219\/revisions"}],"predecessor-version":[{"id":1224,"href":"https:\/\/www.fumssar.com.br\/index.php?rest_route=\/wp\/v2\/posts\/1219\/revisions\/1224"}],"wp:featuredmedia":[{"embeddable":true,"href":"https:\/\/www.fumssar.com.br\/index.php?rest_route=\/wp\/v2\/media\/1222"}],"wp:attachment":[{"href":"https:\/\/www.fumssar.com.br\/index.php?rest_route=%2Fwp%2Fv2%2Fmedia&parent=1219"}],"wp:term":[{"taxonomy":"category","embeddable":true,"href":"https:\/\/www.fumssar.com.br\/index.php?rest_route=%2Fwp%2Fv2%2Fcategories&post=1219"},{"taxonomy":"post_tag","embeddable":true,"href":"https:\/\/www.fumssar.com.br\/index.php?rest_route=%2Fwp%2Fv2%2Ftags&post=1219"}],"curies":[{"name":"wp","href":"https:\/\/api.w.org\/{rel}","templated":true}]}}