{"id":12188,"date":"2019-01-05T08:00:02","date_gmt":"2019-01-05T10:00:02","guid":{"rendered":"http:\/\/www.fumssar.com.br\/?p=12188"},"modified":"2024-10-07T16:34:59","modified_gmt":"2024-10-07T19:34:59","slug":"edital-de-convocacao-012018","status":"publish","type":"post","link":"https:\/\/www.fumssar.com.br\/?p=12188","title":{"rendered":"EDITAL DE CONVOCA\u00c7\u00c3O 01\/2019"},"content":{"rendered":"<p><a href=\"http:\/\/www.fumssar.com.br\/wp-content\/uploads\/2019\/01\/Edital-de-convoca\u00e7\u00e3o-01.2019.doc\">Edital de convoca\u00e7\u00e3o 01.2019<\/a><\/p>\n<p align=\"center\"><b>EDITAL DE CONVOCA\u00c7\u00c3O N\u00ba 01\/2019<\/b><\/p>\n<p><b>&nbsp;<\/b><\/p>\n<p><b>&nbsp;<\/b><\/p>\n<p><b>O Presidente da Funda\u00e7\u00e3o Municipal de Sa\u00fade de Santa Rosa, <\/b>no uso de suas atribui\u00e7\u00f5es legais<b> comunica<\/b> que dever\u00e1 (\u00e3o) comparecer na Funda\u00e7\u00e3o Municipal da Sa\u00fade, sito \u00e0 Rua Dr. Francisco Timm, n\u00ba 480, para assumir vaga (s) para provimento (s) de cargo(s), conforme segue abaixo. Informa ainda que se o (os) candidato(s) <b>n\u00e3o se<\/b> <b>apresentar (em) no prazo m\u00e1ximo de 15 (quinze) dias ap\u00f3s esta publica\u00e7\u00e3o, ser\u00e1 (\u00e3o) considerado (s) desistente (s) tacitamente.<\/b><\/p>\n<p><b>&nbsp;<\/b><\/p>\n<p>&nbsp;<\/p>\n<p><b>&nbsp;&nbsp;&nbsp;&nbsp;&nbsp;&nbsp;&nbsp;&nbsp;&nbsp;&nbsp;&nbsp;&nbsp;&nbsp;&nbsp;&nbsp;&nbsp;&nbsp;&nbsp;&nbsp;&nbsp;&nbsp;&nbsp;&nbsp;&nbsp;&nbsp;&nbsp;&nbsp;&nbsp;&nbsp;&nbsp;&nbsp;&nbsp;&nbsp;&nbsp; <\/b><\/p>\n<p><b>Concurso P\u00fablico n\u00ba 01\/2015<\/b><\/p>\n<p>AGENTE ADMINISTRATIVA<\/p>\n<p>GRACIELE CRISTINA WIEGERT (8\u00aa coloca\u00e7\u00e3o)<\/p>\n<p><b>&nbsp;&nbsp;&nbsp;&nbsp;&nbsp;&nbsp;&nbsp;&nbsp;&nbsp;&nbsp;&nbsp;&nbsp;&nbsp;&nbsp;&nbsp;&nbsp;&nbsp;&nbsp;&nbsp;&nbsp;&nbsp;&nbsp;&nbsp;&nbsp;&nbsp;&nbsp;&nbsp;&nbsp;&nbsp;&nbsp;&nbsp;&nbsp;&nbsp;&nbsp; <\/b><\/p>\n<p><b>&nbsp;<\/b><\/p>\n<p><b>&nbsp;<\/b><\/p>\n<p><b>&nbsp;<\/b><\/p>\n<p><b>&nbsp;<\/b><\/p>\n<p><b>&nbsp;<\/b><\/p>\n<p>PRESIDENTE DA FUNDA\u00c7\u00c3O MUNICIPAL DE SA\u00daDE DE SANTA ROSA, 04 DE JANEIRO DE 2019.<\/p>\n<p>&nbsp;<\/p>\n<p>&nbsp;<\/p>\n<p>&nbsp;<\/p>\n<p>&nbsp;<\/p>\n<p align=\"center\">ROGERIO SILVA DOS SANTOS<\/p>\n<p align=\"center\">Presidente da FUMSSAR &#8211; Substituto<\/p>\n<p>&nbsp;<\/p>\n","protected":false},"excerpt":{"rendered":"<p>Edital de convoca\u00e7\u00e3o 01.2019 EDITAL DE CONVOCA\u00c7\u00c3O N\u00ba 01\/2019 &nbsp; &nbsp; O Presidente da Funda\u00e7\u00e3o&#8230;<\/p>\n","protected":false},"author":24,"featured_media":0,"comment_status":"open","ping_status":"open","sticky":false,"template":"","format":"standard","meta":{"footnotes":""},"categories":[2,56,54],"tags":[],"_links":{"self":[{"href":"https:\/\/www.fumssar.com.br\/index.php?rest_route=\/wp\/v2\/posts\/12188"}],"collection":[{"href":"https:\/\/www.fumssar.com.br\/index.php?rest_route=\/wp\/v2\/posts"}],"about":[{"href":"https:\/\/www.fumssar.com.br\/index.php?rest_route=\/wp\/v2\/types\/post"}],"author":[{"embeddable":true,"href":"https:\/\/www.fumssar.com.br\/index.php?rest_route=\/wp\/v2\/users\/24"}],"replies":[{"embeddable":true,"href":"https:\/\/www.fumssar.com.br\/index.php?rest_route=%2Fwp%2Fv2%2Fcomments&post=12188"}],"version-history":[{"count":4,"href":"https:\/\/www.fumssar.com.br\/index.php?rest_route=\/wp\/v2\/posts\/12188\/revisions"}],"predecessor-version":[{"id":12380,"href":"https:\/\/www.fumssar.com.br\/index.php?rest_route=\/wp\/v2\/posts\/12188\/revisions\/12380"}],"wp:attachment":[{"href":"https:\/\/www.fumssar.com.br\/index.php?rest_route=%2Fwp%2Fv2%2Fmedia&parent=12188"}],"wp:term":[{"taxonomy":"category","embeddable":true,"href":"https:\/\/www.fumssar.com.br\/index.php?rest_route=%2Fwp%2Fv2%2Fcategories&post=12188"},{"taxonomy":"post_tag","embeddable":true,"href":"https:\/\/www.fumssar.com.br\/index.php?rest_route=%2Fwp%2Fv2%2Ftags&post=12188"}],"curies":[{"name":"wp","href":"https:\/\/api.w.org\/{rel}","templated":true}]}}