{"id":12186,"date":"2019-01-02T13:50:33","date_gmt":"2019-01-02T15:50:33","guid":{"rendered":"http:\/\/www.fumssar.com.br\/?p=12186"},"modified":"2019-01-02T13:50:33","modified_gmt":"2019-01-02T15:50:33","slug":"retificacao-01-do-edital-de-licitacao-pp-362018-modalidade-pregao-presencial","status":"publish","type":"post","link":"https:\/\/www.fumssar.com.br\/?p=12186","title":{"rendered":"RETIFICA\u00c7\u00c3O 01 DO EDITAL DE LICITA\u00c7\u00c3O PP 36\/2018  \u2013 MODALIDADE PREG\u00c3O PRESENCIAL"},"content":{"rendered":"<p><b>PROCESSO N\u00ba 1268\/2018<\/b><\/p>\n<p><b>PREG\u00c3O PRESENCIAL N\u00ba 36\/2018<\/b><\/p>\n<p><b>DATA ABERTURA: 15\/01\/2019 \u2013 08:00 horas <\/b><\/p>\n<p><b>OBJETO: REGISTRO DE PRE\u00c7OS para aquisi\u00e7\u00e3o de materiais e equipamentos m\u00e9dico hospitalar para as Unidades de Sa\u00fade e demais setores da FUMSSAR.<\/b><\/p>\n<p><b>\u00a0<\/b><b>I <\/b>\u2013 Fica inclu\u00eddo as al\u00edneas \u201cm\u201d \u201cn\u201d no item 6.1 e a al\u00ednea 17.6.1.1 do Edital do Preg\u00e3o Presencial n\u00ba 36\/2018, Processo n\u00ba 1268\/2018, da Funda\u00e7\u00e3o Municipal de Sa\u00fade de Santa Rosa \u2013 RS<b>.<\/b><\/p>\n<p><b>Leia-se:<\/b><\/p>\n<p><b>6.1.\u00a0\u00a0\u00a0 <\/b>Para fins de habilita\u00e7\u00e3o neste preg\u00e3o, a licitante dever\u00e1 apresentar, dentro do ENVELOPE N\u00ba 02, os seguintes documentos, sob pena de inabilita\u00e7\u00e3o:<\/p>\n<p><b>\u00a0<\/b><b>m) <\/b>Registro no Conselho Regional de Odontologia \u2013 CRO do respons\u00e1vel t\u00e9cnico da empresa licitante para os itens 2, 5, 19, 26, 27, 36, 44, 58, 77, 92 e 103.<\/p>\n<p><b>n) <\/b>Declara\u00e7\u00e3o que prestar\u00e1 assist\u00eancia t\u00e9cnica num raio de 100 km para os itens 2, 5, 19, 26, 27, 36, 44, 58, 77, 92 e 103.<\/p>\n<p><b>17. DAS EXIG\u00caNCIAS E FORNECIMENTO<\/b><\/p>\n<p><b>17.6.1.1<\/b> Para os itens 2, 5, 19, 26, 27, 36, 44, 58, 77, 92, e 103 a empresa dever\u00e1 prestar a assist\u00eancia t\u00e9cnica num raio de 100 km.<\/p>\n<p><b>\u00a0<\/b>II \u2013 Os demais itens e subitens constantes do Edital do Preg\u00e3o Presencial n\u00ba 25\/2018, permanecem inalterados.<\/p>\n<p align=\"right\">Santa Rosa, 28 de Dezembro de 2018.<\/p>\n<p><a href=\"http:\/\/www.fumssar.com.br\/wp-content\/uploads\/2019\/01\/Preg\u00e3o-36-2018-ARP-Equip.-e-Mat.-Medico-Hospitalares-RETIFICA\u00c7\u00c3O-1.pdf\">Preg\u00e3o 36-2018 ARP Equip. e Mat. Medico Hospitalares &#8211; RETIFICA\u00c7\u00c3O 1<\/a>\u00a0 \u00a0 Rog\u00e9rio Silva dos Santos<\/p>\n<p>Diretor de Gest\u00e3o Administrativa<\/p>\n","protected":false},"excerpt":{"rendered":"<p>PROCESSO N\u00ba 1268\/2018 PREG\u00c3O PRESENCIAL N\u00ba 36\/2018 DATA ABERTURA: 15\/01\/2019 \u2013 08:00 horas OBJETO: REGISTRO&#8230;<\/p>\n","protected":false},"author":28,"featured_media":0,"comment_status":"open","ping_status":"open","sticky":false,"template":"","format":"standard","meta":{"footnotes":""},"categories":[106],"tags":[],"_links":{"self":[{"href":"https:\/\/www.fumssar.com.br\/index.php?rest_route=\/wp\/v2\/posts\/12186"}],"collection":[{"href":"https:\/\/www.fumssar.com.br\/index.php?rest_route=\/wp\/v2\/posts"}],"about":[{"href":"https:\/\/www.fumssar.com.br\/index.php?rest_route=\/wp\/v2\/types\/post"}],"author":[{"embeddable":true,"href":"https:\/\/www.fumssar.com.br\/index.php?rest_route=\/wp\/v2\/users\/28"}],"replies":[{"embeddable":true,"href":"https:\/\/www.fumssar.com.br\/index.php?rest_route=%2Fwp%2Fv2%2Fcomments&post=12186"}],"version-history":[{"count":1,"href":"https:\/\/www.fumssar.com.br\/index.php?rest_route=\/wp\/v2\/posts\/12186\/revisions"}],"predecessor-version":[{"id":12187,"href":"https:\/\/www.fumssar.com.br\/index.php?rest_route=\/wp\/v2\/posts\/12186\/revisions\/12187"}],"wp:attachment":[{"href":"https:\/\/www.fumssar.com.br\/index.php?rest_route=%2Fwp%2Fv2%2Fmedia&parent=12186"}],"wp:term":[{"taxonomy":"category","embeddable":true,"href":"https:\/\/www.fumssar.com.br\/index.php?rest_route=%2Fwp%2Fv2%2Fcategories&post=12186"},{"taxonomy":"post_tag","embeddable":true,"href":"https:\/\/www.fumssar.com.br\/index.php?rest_route=%2Fwp%2Fv2%2Ftags&post=12186"}],"curies":[{"name":"wp","href":"https:\/\/api.w.org\/{rel}","templated":true}]}}