{"id":1212,"date":"2014-04-03T13:53:05","date_gmt":"2014-04-03T13:53:05","guid":{"rendered":"http:\/\/www.fumssar.com.br\/?p=1212"},"modified":"2024-10-07T16:36:21","modified_gmt":"2024-10-07T19:36:21","slug":"benvegnu-foi-reeleito-vice-presidente-da-cir","status":"publish","type":"post","link":"https:\/\/www.fumssar.com.br\/?p=1212","title":{"rendered":"Benvegn\u00fa foi reeleito Vice-presidente da CIR"},"content":{"rendered":"<p>O Dr. Lu\u00eds Ant\u00f4nio Benvegn\u00fa, Presidente da Funda\u00e7\u00e3o Municipal de Sa\u00fade foi reeleito Vice-presidente da CIR-Comiss\u00e3o Inter gestora Regional de Sa\u00fade. A entidade que abrange 22 munic\u00edpios \u00e9 presidida automaticamente pelo Coordenador da 14\u00aa Coordenadoria de Sa\u00fade, sendo o Vice eleito pelo colegiado formado pelos formado pelos gestores da regi\u00e3o abrangente. A elei\u00e7\u00e3o  que \u00e9 para um mandato de 1 ano ocorreu em reuni\u00e3o realizada no dia 1\u00ba \u00faltimo nas depend\u00eancias  da 14\u00aa. A CIR \u00e9 uma entidade deliberativa e discutindo e tomando decis\u00f5es  nas quest\u00f5es de sa\u00fade a n\u00edvel regional<\/p>\n","protected":false},"excerpt":{"rendered":"<p>O Dr. Lu\u00eds Ant\u00f4nio Benvegn\u00fa, Presidente da Funda\u00e7\u00e3o Municipal de Sa\u00fade foi reeleito Vice-presidente da&#8230;<\/p>\n","protected":false},"author":11,"featured_media":1213,"comment_status":"open","ping_status":"open","sticky":false,"template":"","format":"standard","meta":{"footnotes":""},"categories":[2],"tags":[],"_links":{"self":[{"href":"https:\/\/www.fumssar.com.br\/index.php?rest_route=\/wp\/v2\/posts\/1212"}],"collection":[{"href":"https:\/\/www.fumssar.com.br\/index.php?rest_route=\/wp\/v2\/posts"}],"about":[{"href":"https:\/\/www.fumssar.com.br\/index.php?rest_route=\/wp\/v2\/types\/post"}],"author":[{"embeddable":true,"href":"https:\/\/www.fumssar.com.br\/index.php?rest_route=\/wp\/v2\/users\/11"}],"replies":[{"embeddable":true,"href":"https:\/\/www.fumssar.com.br\/index.php?rest_route=%2Fwp%2Fv2%2Fcomments&post=1212"}],"version-history":[{"count":1,"href":"https:\/\/www.fumssar.com.br\/index.php?rest_route=\/wp\/v2\/posts\/1212\/revisions"}],"predecessor-version":[{"id":1214,"href":"https:\/\/www.fumssar.com.br\/index.php?rest_route=\/wp\/v2\/posts\/1212\/revisions\/1214"}],"wp:featuredmedia":[{"embeddable":true,"href":"https:\/\/www.fumssar.com.br\/index.php?rest_route=\/wp\/v2\/media\/1213"}],"wp:attachment":[{"href":"https:\/\/www.fumssar.com.br\/index.php?rest_route=%2Fwp%2Fv2%2Fmedia&parent=1212"}],"wp:term":[{"taxonomy":"category","embeddable":true,"href":"https:\/\/www.fumssar.com.br\/index.php?rest_route=%2Fwp%2Fv2%2Fcategories&post=1212"},{"taxonomy":"post_tag","embeddable":true,"href":"https:\/\/www.fumssar.com.br\/index.php?rest_route=%2Fwp%2Fv2%2Ftags&post=1212"}],"curies":[{"name":"wp","href":"https:\/\/api.w.org\/{rel}","templated":true}]}}