{"id":12044,"date":"2018-12-04T15:45:38","date_gmt":"2018-12-04T18:45:38","guid":{"rendered":"http:\/\/www.fumssar.com.br\/?p=12044"},"modified":"2024-10-07T16:34:59","modified_gmt":"2024-10-07T19:34:59","slug":"dr-jose-seibel-se-aposentou-pela-fumssar","status":"publish","type":"post","link":"https:\/\/www.fumssar.com.br\/?p=12044","title":{"rendered":"Dr. Jos\u00e9 Seibel se aposentou pela FUMSSAR"},"content":{"rendered":"<p>O M\u00e9dico Jos\u00e9 \u00c1lvaro Seibel completou tempo de servi\u00e7os prestados na Funda\u00e7\u00e3o Municipal de Sa\u00fade-FUMSSAR e recebeu o benef\u00edcio da aposentadoria.<\/p>\n<p>O m\u00e9dico foi Secret\u00e1rio Municipal de Sa\u00fade, Habita\u00e7\u00e3o e Bem Estar Social nos anos de 1991 e 1992, e ingressou como servidor servi\u00e7o p\u00fablico em 1994 atuando na Prefeitura e em 1996 foi transferido para a FUMSSAR onde permaneceu at\u00e9 o m\u00eas de novembro deste ano. Seibel tamb\u00e9m presidiu o Conselho Municipal de\u00a0 Sa\u00fade no ano de 1992.<\/p>\n<p>Em um ato realizado na tarde de ter\u00e7a-feira, 04 o Presidente da FUMSSAR Anderson Mantei entregou uma placa ao Profissional alusiva a aposentadoria, destacando que \u00e9 um reconhecimento pelos servi\u00e7os prestados por Seibel \u00e0 sa\u00fade da popula\u00e7\u00e3o e pela \u00a0sua participa\u00e7\u00e3o na constru\u00e7\u00e3o do sistema p\u00fablico de sa\u00fade de Santa Rosa.<\/p>\n","protected":false},"excerpt":{"rendered":"<p>O M\u00e9dico Jos\u00e9 \u00c1lvaro Seibel completou tempo de servi\u00e7os prestados na Funda\u00e7\u00e3o Municipal de Sa\u00fade-FUMSSAR&#8230;<\/p>\n","protected":false},"author":11,"featured_media":12045,"comment_status":"open","ping_status":"open","sticky":false,"template":"","format":"standard","meta":{"footnotes":""},"categories":[2],"tags":[],"_links":{"self":[{"href":"https:\/\/www.fumssar.com.br\/index.php?rest_route=\/wp\/v2\/posts\/12044"}],"collection":[{"href":"https:\/\/www.fumssar.com.br\/index.php?rest_route=\/wp\/v2\/posts"}],"about":[{"href":"https:\/\/www.fumssar.com.br\/index.php?rest_route=\/wp\/v2\/types\/post"}],"author":[{"embeddable":true,"href":"https:\/\/www.fumssar.com.br\/index.php?rest_route=\/wp\/v2\/users\/11"}],"replies":[{"embeddable":true,"href":"https:\/\/www.fumssar.com.br\/index.php?rest_route=%2Fwp%2Fv2%2Fcomments&post=12044"}],"version-history":[{"count":1,"href":"https:\/\/www.fumssar.com.br\/index.php?rest_route=\/wp\/v2\/posts\/12044\/revisions"}],"predecessor-version":[{"id":12046,"href":"https:\/\/www.fumssar.com.br\/index.php?rest_route=\/wp\/v2\/posts\/12044\/revisions\/12046"}],"wp:featuredmedia":[{"embeddable":true,"href":"https:\/\/www.fumssar.com.br\/index.php?rest_route=\/wp\/v2\/media\/12045"}],"wp:attachment":[{"href":"https:\/\/www.fumssar.com.br\/index.php?rest_route=%2Fwp%2Fv2%2Fmedia&parent=12044"}],"wp:term":[{"taxonomy":"category","embeddable":true,"href":"https:\/\/www.fumssar.com.br\/index.php?rest_route=%2Fwp%2Fv2%2Fcategories&post=12044"},{"taxonomy":"post_tag","embeddable":true,"href":"https:\/\/www.fumssar.com.br\/index.php?rest_route=%2Fwp%2Fv2%2Ftags&post=12044"}],"curies":[{"name":"wp","href":"https:\/\/api.w.org\/{rel}","templated":true}]}}