{"id":11864,"date":"2018-10-17T08:22:24","date_gmt":"2018-10-17T11:22:24","guid":{"rendered":"http:\/\/www.fumssar.com.br\/?p=11864"},"modified":"2024-10-07T16:34:59","modified_gmt":"2024-10-07T19:34:59","slug":"edital-de-convocacao-08-2018","status":"publish","type":"post","link":"https:\/\/www.fumssar.com.br\/?p=11864","title":{"rendered":"Edital de Convoca\u00e7\u00e3o 08.2018"},"content":{"rendered":"<p><a href=\"http:\/\/www.fumssar.com.br\/wp-content\/uploads\/2018\/10\/EDITAL-DE-CONVOCA\u00c7\u00c3O-08.2018-CONTRATO-TEMPO-DETERMINADO-ENFERMEIRO-GERAL.docx\">EDITAL DE CONVOCA\u00c7\u00c3O 08.2018 CONTRATO TEMPO DETERMINADO ENFERMEIRO GERAL<\/a><\/p>\n<p align=\"center\">EDITAL DE CONVOCA\u00c7\u00c3O N.\u00ba 08\/2018<\/p>\n<p>&nbsp;<\/p>\n<p><b>O Presidente da Funda\u00e7\u00e3o Municipal de Sa\u00fade de Santa Rosa, <\/b>no uso de suas atribui\u00e7\u00f5es legais, conforme Lei Complementar n.\u00ba 37, de 21 de novembro de 2007 e Lei n.\u00ba 4.629, de 04 de mar\u00e7o de 2010, CONVOCA os candidatos aprovados no Concurso P\u00fablico 001\/2015 no cargo de Enfermeiro Geral, conforme segue abaixo, para manifestar o interesse em assumir o cargo por tempo determinado (contrato tempor\u00e1rio de at\u00e9 cento e vinte dias). O recebimento da declara\u00e7\u00e3o de interesse no referido cargo ocorrer\u00e1 a partir das 13:30 do dia 17 de outubro at\u00e9 as 17:30 do dia 18 de outubro de 2018, junto a Se\u00e7\u00e3o de Pessoal da Funda\u00e7\u00e3o Municipal de Sa\u00fade de Santa Rosa, sito \u00e0 Rua: Dr. Francisco Timm, 480, Centro, Santa Rosa. Ser\u00e1 contratado 01 (um) candidato, dentre os interessados ser\u00e1 aquele que obteve a melhor classifica\u00e7\u00e3o no Concurso P\u00fablico n\u00ba. 001\/2015, obedecida \u00e0 ordem crescente. Ser\u00e3o considerados tacitamente desistentes os candidatos que n\u00e3o manifestarem interesse. Ser\u00e1 publicado no dia 20 de outubro de 2018 a classifica\u00e7\u00e3o dos candidatos melhores classificados que manifestar\u00e3o interesse. O candidato melhor classificado tem o prazo de 15 (quinze) dias para assumir o referido cargo ap\u00f3s a publica\u00e7\u00e3o da classifica\u00e7\u00e3o.<\/p>\n<p>&nbsp;<\/p>\n<p>Concurso P\u00fablico 001\/2015 Enfermeiro Geral &#8211; \u00a0Classifica\u00e7\u00e3o (4\u00ba ao 18\u00ba colocado)<\/p>\n<p>&nbsp;<\/p>\n<p>ALEXANDRO SARAGOSO\u00a0\u00a0\u00a0\u00a0\u00a0\u00a0\u00a0\u00a0\u00a0\u00a0\u00a0\u00a0\u00a0\u00a0\u00a0\u00a0\u00a0\u00a0\u00a0\u00a0\u00a0\u00a0\u00a0\u00a0\u00a0\u00a0\u00a0\u00a0\u00a0\u00a0\u00a0\u00a0\u00a0\u00a0\u00a0\u00a0\u00a0\u00a0\u00a0\u00a0\u00a0\u00a0\u00a0\u00a0 Classificado 4\u00ba<\/p>\n<p>CRISTINA TROMMENSCHLAGER\u00a0 \u00a0 \u00a0 \u00a0 \u00a0 \u00a0 \u00a0 \u00a0 \u00a0 \u00a0 \u00a0 \u00a0 \u00a0 \u00a0 \u00a0Classificado 5\u00ba<\/p>\n<p>CARINA SUZANA PEREIRA CORREA\u00a0\u00a0\u00a0\u00a0\u00a0\u00a0\u00a0\u00a0\u00a0\u00a0\u00a0\u00a0\u00a0\u00a0\u00a0\u00a0\u00a0\u00a0\u00a0\u00a0\u00a0\u00a0\u00a0 Classificado 6\u00ba<\/p>\n<p>CARLA ISABEL KUNKEL\u00a0 \u00a0 \u00a0 \u00a0 \u00a0 \u00a0 \u00a0 \u00a0 \u00a0 \u00a0 \u00a0 \u00a0 \u00a0 \u00a0 \u00a0 \u00a0 \u00a0 \u00a0 \u00a0 \u00a0 \u00a0 \u00a0 \u00a0 \u00a0 Classificado 7\u00ba<\/p>\n<p>GISELE DOMINGUES DE MATTOS \u00a0\u00a0\u00a0\u00a0\u00a0\u00a0\u00a0\u00a0\u00a0\u00a0\u00a0\u00a0\u00a0\u00a0\u00a0\u00a0\u00a0\u00a0\u00a0\u00a0\u00a0\u00a0\u00a0\u00a0\u00a0\u00a0\u00a0\u00a0 Classificado 8\u00ba<\/p>\n<p>EIDIANI RADESKI MACHADO \u00a0\u00a0\u00a0\u00a0\u00a0\u00a0\u00a0\u00a0\u00a0\u00a0\u00a0\u00a0\u00a0\u00a0\u00a0\u00a0\u00a0\u00a0\u00a0\u00a0\u00a0\u00a0\u00a0 \u00a0\u00a0\u00a0\u00a0\u00a0\u00a0\u00a0\u00a0\u00a0\u00a0\u00a0\u00a0Classificado 9\u00ba<\/p>\n<p>LISSANDRA MAIC\u00c1 RUEDELL GOSENHEIMER\u00a0 \u00a0 \u00a0Classificado 10\u00ba<\/p>\n<p>D\u00c9BORA VIEIRA TOLFO\u00a0 \u00a0 \u00a0 \u00a0 \u00a0 \u00a0 \u00a0 \u00a0 \u00a0 \u00a0 \u00a0 \u00a0 \u00a0 \u00a0 \u00a0 \u00a0 \u00a0 \u00a0 \u00a0 \u00a0 \u00a0 \u00a0 \u00a0 \u00a0 \u00a0Classificado 11\u00ba<\/p>\n<p>DANIEL SOARES TAVARES \u00a0\u00a0\u00a0\u00a0\u00a0\u00a0\u00a0\u00a0\u00a0\u00a0\u00a0\u00a0\u00a0\u00a0\u00a0\u00a0\u00a0 \u00a0\u00a0\u00a0\u00a0\u00a0\u00a0\u00a0\u00a0\u00a0\u00a0\u00a0\u00a0\u00a0\u00a0\u00a0\u00a0\u00a0\u00a0\u00a0\u00a0\u00a0\u00a0\u00a0\u00a0Classificado 12\u00ba<\/p>\n<p>JULIANA TERESINHA KNORST\u00a0 \u00a0 \u00a0 \u00a0 \u00a0 \u00a0 \u00a0 \u00a0 \u00a0 \u00a0 \u00a0 \u00a0 \u00a0 \u00a0 \u00a0 \u00a0 \u00a0 Classificado 13\u00ba<\/p>\n<p>DENISE KETTNER\u00a0 \u00a0 \u00a0 \u00a0 \u00a0 \u00a0 \u00a0 \u00a0 \u00a0 \u00a0 \u00a0 \u00a0 \u00a0 \u00a0 \u00a0 \u00a0 \u00a0 \u00a0 \u00a0 \u00a0 \u00a0 \u00a0 \u00a0 \u00a0 \u00a0 \u00a0 \u00a0 \u00a0 \u00a0 \u00a0 Classificado 14\u00ba<\/p>\n<p>SHEILA MACHADO CHITOLINA MAGALH\u00c3ES\u00a0 \u00a0 \u00a0 \u00a0Classificado 15\u00ba<\/p>\n<p>GE\u00cdSA RIBEIRO \u00a0\u00a0\u00a0\u00a0\u00a0\u00a0\u00a0\u00a0\u00a0\u00a0\u00a0\u00a0\u00a0\u00a0\u00a0 \u00a0\u00a0\u00a0\u00a0\u00a0\u00a0\u00a0\u00a0\u00a0\u00a0\u00a0 \u00a0\u00a0\u00a0\u00a0\u00a0\u00a0\u00a0\u00a0\u00a0\u00a0\u00a0\u00a0\u00a0\u00a0\u00a0\u00a0\u00a0\u00a0\u00a0\u00a0\u00a0\u00a0\u00a0\u00a0\u00a0\u00a0\u00a0\u00a0\u00a0\u00a0\u00a0\u00a0\u00a0\u00a0\u00a0\u00a0Classificado 16\u00ba<\/p>\n<p>SANDRA DAL PAI\u00a0\u00a0\u00a0\u00a0\u00a0\u00a0\u00a0\u00a0\u00a0\u00a0\u00a0\u00a0\u00a0\u00a0\u00a0\u00a0\u00a0\u00a0\u00a0\u00a0\u00a0\u00a0\u00a0\u00a0 \u00a0\u00a0\u00a0\u00a0\u00a0\u00a0\u00a0\u00a0\u00a0\u00a0\u00a0\u00a0\u00a0\u00a0\u00a0\u00a0\u00a0\u00a0\u00a0\u00a0\u00a0\u00a0\u00a0\u00a0\u00a0\u00a0\u00a0\u00a0\u00a0\u00a0\u00a0\u00a0\u00a0\u00a0\u00a0 Classificado 17\u00ba<\/p>\n<p>D\u00c9BORA AVELLO PINHEIRO\u00a0 \u00a0 \u00a0 \u00a0 \u00a0 \u00a0 \u00a0 \u00a0 \u00a0 \u00a0 \u00a0 \u00a0 \u00a0 \u00a0 \u00a0 \u00a0 \u00a0 \u00a0 \u00a0 \u00a0Classificado 18\u00ba<\/p>\n<p>&nbsp;<\/p>\n<p>&nbsp;<\/p>\n<p>&nbsp;<\/p>\n<p>PRESIDENTE DA FUNDA\u00c7\u00c3O MUNICIPAL DE SA\u00daDE DE SANTA ROSA, 15 DE OUTUBRO DE 2018.<\/p>\n<p>&nbsp;<\/p>\n<p>&nbsp;<\/p>\n<p>ANDERSON MANTEI\u00a0\u00a0\u00a0\u00a0\u00a0\u00a0\u00a0\u00a0\u00a0\u00a0\u00a0\u00a0\u00a0\u00a0\u00a0\u00a0\u00a0\u00a0\u00a0\u00a0\u00a0\u00a0\u00a0\u00a0\u00a0\u00a0\u00a0 \u00a0\u00a0\u00a0\u00a0\u00a0\u00a0\u00a0\u00a0\u00a0\u00a0 ROG\u00c9RIO SILVA DOS SANTOS<\/p>\n<p>Presidente da FUMSSAR\u00a0\u00a0\u00a0\u00a0\u00a0\u00a0\u00a0\u00a0\u00a0\u00a0\u00a0\u00a0\u00a0\u00a0\u00a0\u00a0\u00a0\u00a0\u00a0\u00a0\u00a0\u00a0\u00a0\u00a0\u00a0\u00a0\u00a0\u00a0\u00a0\u00a0\u00a0\u00a0\u00a0\u00a0\u00a0\u00a0\u00a0\u00a0\u00a0\u00a0\u00a0 Diretor de Gest\u00e3o Administrativa<\/p>\n<p>&nbsp;<\/p>\n<p>&nbsp;<\/p>\n<p>&nbsp;<\/p>\n","protected":false},"excerpt":{"rendered":"<p>EDITAL DE CONVOCA\u00c7\u00c3O 08.2018 CONTRATO TEMPO DETERMINADO ENFERMEIRO GERAL EDITAL DE CONVOCA\u00c7\u00c3O N.\u00ba 08\/2018 &nbsp;&#8230;<\/p>\n","protected":false},"author":24,"featured_media":0,"comment_status":"open","ping_status":"open","sticky":false,"template":"","format":"standard","meta":{"footnotes":""},"categories":[2,56,54,1],"tags":[],"_links":{"self":[{"href":"https:\/\/www.fumssar.com.br\/index.php?rest_route=\/wp\/v2\/posts\/11864"}],"collection":[{"href":"https:\/\/www.fumssar.com.br\/index.php?rest_route=\/wp\/v2\/posts"}],"about":[{"href":"https:\/\/www.fumssar.com.br\/index.php?rest_route=\/wp\/v2\/types\/post"}],"author":[{"embeddable":true,"href":"https:\/\/www.fumssar.com.br\/index.php?rest_route=\/wp\/v2\/users\/24"}],"replies":[{"embeddable":true,"href":"https:\/\/www.fumssar.com.br\/index.php?rest_route=%2Fwp%2Fv2%2Fcomments&post=11864"}],"version-history":[{"count":3,"href":"https:\/\/www.fumssar.com.br\/index.php?rest_route=\/wp\/v2\/posts\/11864\/revisions"}],"predecessor-version":[{"id":11869,"href":"https:\/\/www.fumssar.com.br\/index.php?rest_route=\/wp\/v2\/posts\/11864\/revisions\/11869"}],"wp:attachment":[{"href":"https:\/\/www.fumssar.com.br\/index.php?rest_route=%2Fwp%2Fv2%2Fmedia&parent=11864"}],"wp:term":[{"taxonomy":"category","embeddable":true,"href":"https:\/\/www.fumssar.com.br\/index.php?rest_route=%2Fwp%2Fv2%2Fcategories&post=11864"},{"taxonomy":"post_tag","embeddable":true,"href":"https:\/\/www.fumssar.com.br\/index.php?rest_route=%2Fwp%2Fv2%2Ftags&post=11864"}],"curies":[{"name":"wp","href":"https:\/\/api.w.org\/{rel}","templated":true}]}}