{"id":1185,"date":"2014-03-28T20:26:29","date_gmt":"2014-03-28T20:26:29","guid":{"rendered":"http:\/\/www.fumssar.com.br\/?p=1185"},"modified":"2024-10-07T16:36:21","modified_gmt":"2024-10-07T19:36:21","slug":"osmar-terra-palestrou-sobre-dependencia-quimica","status":"publish","type":"post","link":"https:\/\/www.fumssar.com.br\/?p=1185","title":{"rendered":"Osmar Terra Palestrou sobre Depend\u00eancia Qu\u00edmica"},"content":{"rendered":"<p><a href=\"http:\/\/www.fumssar.com.br\/wp-content\/uploads\/2014\/03\/DSCN6178.jpg\"><img loading=\"lazy\" decoding=\"async\" src=\"http:\/\/www.fumssar.com.br\/wp-content\/uploads\/2014\/03\/DSCN6178-300x225.jpg\" alt=\"DSCN6178\" width=\"300\" height=\"225\" class=\"alignnone size-medium wp-image-1187\" srcset=\"https:\/\/www.fumssar.com.br\/wp-content\/uploads\/2014\/03\/DSCN6178-300x225.jpg 300w, https:\/\/www.fumssar.com.br\/wp-content\/uploads\/2014\/03\/DSCN6178.jpg 640w\" sizes=\"(max-width: 300px) 100vw, 300px\" \/><\/a>Audit\u00f3rio da FUMSSAR  no N\u00facleo de Ensino e Pesquisas na Avenida Santa Cruz ficou lotado na manh\u00e3 desta sexta-feira (28), momento em que o Deputado Federal Osmar Terra Abordou o tema: \u201cDepend\u00eancia Qu\u00edmica, Transtornos, Identifica\u00e7\u00e3o, Novo Marco Legal\u201d. O Deputado  com muito conhecimento de causa falou da interfer\u00eancia das drogas no c\u00e9rebro humano, causando a depend\u00eancia qu\u00edmica. Ele mostrou  para a plateia gr\u00e1ficos e comparativos sobre drogas, citando v\u00e1rios exemplos utilizados no Brasil e no mundo de a\u00e7\u00f5es realizadas no combate \u00e0s drogas.<br \/>\nA organiza\u00e7\u00e3o do evento foi da  Equipe T\u00e9cnica de Sa\u00fade Mental, e Equipe de Redu\u00e7\u00e3o de Danos\/CAPS AD da Funda\u00e7\u00e3o Municipal de Sa\u00fade de Santa Rosa tendo como p\u00fablico servidores da FUMSSAR , estudantes do ensino m\u00e9dio e p\u00fablico em geral. Autoridades, lideran\u00e7as  do munic\u00edpio prestigiaram o evento.<\/p>\n","protected":false},"excerpt":{"rendered":"<p>Audit\u00f3rio da FUMSSAR no N\u00facleo de Ensino e Pesquisas na Avenida Santa Cruz ficou lotado&#8230;<\/p>\n","protected":false},"author":11,"featured_media":1186,"comment_status":"open","ping_status":"open","sticky":false,"template":"","format":"standard","meta":{"footnotes":""},"categories":[2],"tags":[],"_links":{"self":[{"href":"https:\/\/www.fumssar.com.br\/index.php?rest_route=\/wp\/v2\/posts\/1185"}],"collection":[{"href":"https:\/\/www.fumssar.com.br\/index.php?rest_route=\/wp\/v2\/posts"}],"about":[{"href":"https:\/\/www.fumssar.com.br\/index.php?rest_route=\/wp\/v2\/types\/post"}],"author":[{"embeddable":true,"href":"https:\/\/www.fumssar.com.br\/index.php?rest_route=\/wp\/v2\/users\/11"}],"replies":[{"embeddable":true,"href":"https:\/\/www.fumssar.com.br\/index.php?rest_route=%2Fwp%2Fv2%2Fcomments&post=1185"}],"version-history":[{"count":1,"href":"https:\/\/www.fumssar.com.br\/index.php?rest_route=\/wp\/v2\/posts\/1185\/revisions"}],"predecessor-version":[{"id":1188,"href":"https:\/\/www.fumssar.com.br\/index.php?rest_route=\/wp\/v2\/posts\/1185\/revisions\/1188"}],"wp:featuredmedia":[{"embeddable":true,"href":"https:\/\/www.fumssar.com.br\/index.php?rest_route=\/wp\/v2\/media\/1186"}],"wp:attachment":[{"href":"https:\/\/www.fumssar.com.br\/index.php?rest_route=%2Fwp%2Fv2%2Fmedia&parent=1185"}],"wp:term":[{"taxonomy":"category","embeddable":true,"href":"https:\/\/www.fumssar.com.br\/index.php?rest_route=%2Fwp%2Fv2%2Fcategories&post=1185"},{"taxonomy":"post_tag","embeddable":true,"href":"https:\/\/www.fumssar.com.br\/index.php?rest_route=%2Fwp%2Fv2%2Ftags&post=1185"}],"curies":[{"name":"wp","href":"https:\/\/api.w.org\/{rel}","templated":true}]}}